{"id":1900,"date":"2012-08-26T07:50:53","date_gmt":"2012-08-26T07:50:53","guid":{"rendered":"http:\/\/empacho.net\/joelv\/?p=1900"},"modified":"2018-09-12T13:40:21","modified_gmt":"2018-09-12T13:40:21","slug":"imagotipo","status":"publish","type":"post","link":"https:\/\/empacho.net\/joelv\/imagotipo\/","title":{"rendered":"Imagotipo"},"content":{"rendered":"<p>[et_pb_section bb_built=&#8221;1&#8243;][et_pb_row][et_pb_column type=&#8221;4_4&#8243;][et_pb_text _builder_version=&#8221;3.14&#8243;]<\/p>\n<p>El ejercicio consisti\u00f3 en la elaboraci\u00f3n de un imagotipo personal que aludiera el \u00e1rea en la que pretendemos desempe\u00f1arnos profesionalmente.<\/p>\n<p>[\/et_pb_text][et_pb_image _builder_version=&#8221;3.14&#8243; src=&#8221;http:\/\/empacho.net\/joelv\/wp-content\/uploads\/2018\/09\/imagotipo-boceto.jpg&#8221; \/][\/et_pb_column][\/et_pb_row][et_pb_row][et_pb_column type=&#8221;2_3&#8243;][et_pb_image _builder_version=&#8221;3.14&#8243; src=&#8221;http:\/\/empacho.net\/joelv\/wp-content\/uploads\/2018\/09\/imagotipo-boceto-logo.png&#8221; \/][\/et_pb_column][et_pb_column type=&#8221;1_3&#8243;][et_pb_text _builder_version=&#8221;3.14&#8243;]<\/p>\n<p><em>Caracter\u00edsticas del Logotipo<\/em><\/p>\n<p>Texto: Joel Vil (Nombre y ap\u00f3cope del apellido)<\/p>\n<p>Tipograf\u00eda: Serif con toques de manuscrita.<\/p>\n<p>Busca transmitir una de seriedad juguetona.<\/p>\n<p>[\/et_pb_text][\/et_pb_column][\/et_pb_row][et_pb_row][et_pb_column type=&#8221;2_3&#8243;][et_pb_image _builder_version=&#8221;3.14&#8243; src=&#8221;http:\/\/empacho.net\/joelv\/wp-content\/uploads\/2018\/09\/imagotipo-boceto-imagen.png&#8221; \/][\/et_pb_column][et_pb_column type=&#8221;1_3&#8243;][et_pb_text _builder_version=&#8221;3.14&#8243;]<\/p>\n<p><em>Caracter\u00edsticas del Isotipo<\/em><\/p>\n<p>Figura: Quimera (representa la ilusi\u00f3n o fantas\u00eda)<\/p>\n<p>T\u00e9cnica: Trazos discontinuos que semejan los de un pincel con tinta.<\/p>\n<p>Busca rememorar las ilustraciones de los libros infantiles, junto con una alusi\u00f3n a la locura y lo imposble.<\/p>\n<p>[\/et_pb_text][\/et_pb_column][\/et_pb_row][et_pb_row][et_pb_column type=&#8221;4_4&#8243;][et_pb_text _builder_version=&#8221;3.14&#8243;]<\/p>\n<p>Delimitaci\u00f3n de espacios y correcci\u00f3n de aspecto.<\/p>\n<p>[\/et_pb_text][et_pb_image _builder_version=&#8221;3.14&#8243; src=&#8221;http:\/\/empacho.net\/joelv\/wp-content\/uploads\/2018\/09\/imagotipo-reticula.png&#8221; \/][et_pb_text _builder_version=&#8221;3.14&#8243;]<\/p>\n<p>Propuesta en positivo y negativo<\/p>\n<p>[\/et_pb_text][\/et_pb_column][\/et_pb_row][et_pb_row][et_pb_column type=&#8221;1_2&#8243;][et_pb_image _builder_version=&#8221;3.14&#8243; src=&#8221;http:\/\/empacho.net\/joelv\/wp-content\/uploads\/2018\/09\/imagotipo-positivo.png&#8221; show_in_lightbox=&#8221;on&#8221; \/][\/et_pb_column][et_pb_column type=&#8221;1_2&#8243;][et_pb_image _builder_version=&#8221;3.14&#8243; src=&#8221;http:\/\/empacho.net\/joelv\/wp-content\/uploads\/2018\/09\/imagotipo-negativo.png&#8221; show_in_lightbox=&#8221;on&#8221; \/][\/et_pb_column][\/et_pb_row][et_pb_row][et_pb_column type=&#8221;4_4&#8243;][et_pb_text _builder_version=&#8221;3.14&#8243;]<\/p>\n<p><em>Propuesta final a color.<\/em><\/p>\n<p>Incluye un eslogan que reafirma la intenci\u00f3n expresiva del imagotipo.<\/p>\n<p>[\/et_pb_text][et_pb_image _builder_version=&#8221;3.14&#8243; src=&#8221;http:\/\/empacho.net\/joelv\/wp-content\/uploads\/2018\/09\/imagotipo-monocromo.png&#8221; show_in_lightbox=&#8221;on&#8221; \/][et_pb_image _builder_version=&#8221;3.14&#8243; src=&#8221;http:\/\/empacho.net\/joelv\/wp-content\/uploads\/2018\/09\/imagotipo-final.png&#8221; show_in_lightbox=&#8221;on&#8221; box_shadow_style=&#8221;preset1&#8243; \/][\/et_pb_column][\/et_pb_row][\/et_pb_section]<\/p>\n","protected":false},"excerpt":{"rendered":"<p><div class=\"et_pb_row et_pb_row_0 et_pb_row_empty\">\n\t\t\t\t\n\t\t\t\t\n\t\t\t\t\n\t\t\t\t\n\t\t\t\t\n\t\t\t<\/div> El ejercicio consisti\u00f3 en la elaboraci\u00f3n de un imagotipo personal que aludiera el \u00e1rea en la que pretendemos desempe\u00f1arnos profesionalmente. <div class=\"et_pb_row et_pb_row_1 et_pb_row_empty\">\n\t\t\t\t\n\t\t\t\t\n\t\t\t\t\n\t\t\t\t\n\t\t\t\t\n\t\t\t<\/div> Caracter\u00edsticas del Logotipo Texto: Joel Vil (Nombre y ap\u00f3cope del apellido) Tipograf\u00eda: Serif con toques de manuscrita. Busca transmitir una de seriedad juguetona. <div class=\"et_pb_row et_pb_row_2 et_pb_row_empty\">\n\t\t\t\t\n\t\t\t\t\n\t\t\t\t\n\t\t\t\t\n\t\t\t\t\n\t\t\t<\/div> Caracter\u00edsticas del Isotipo Figura: Quimera (representa la ilusi\u00f3n o [&hellip;]<\/p>\n","protected":false},"author":1,"featured_media":1929,"comment_status":"open","ping_status":"open","sticky":false,"template":"","format":"standard","meta":{"_et_pb_use_builder":"on","_et_pb_old_content":"","_et_gb_content_width":"","footnotes":""},"categories":[4],"tags":[],"class_list":["post-1900","post","type-post","status-publish","format-standard","has-post-thumbnail","hentry","category-blog"],"_links":{"self":[{"href":"https:\/\/empacho.net\/joelv\/wp-json\/wp\/v2\/posts\/1900","targetHints":{"allow":["GET"]}}],"collection":[{"href":"https:\/\/empacho.net\/joelv\/wp-json\/wp\/v2\/posts"}],"about":[{"href":"https:\/\/empacho.net\/joelv\/wp-json\/wp\/v2\/types\/post"}],"author":[{"embeddable":true,"href":"https:\/\/empacho.net\/joelv\/wp-json\/wp\/v2\/users\/1"}],"replies":[{"embeddable":true,"href":"https:\/\/empacho.net\/joelv\/wp-json\/wp\/v2\/comments?post=1900"}],"version-history":[{"count":17,"href":"https:\/\/empacho.net\/joelv\/wp-json\/wp\/v2\/posts\/1900\/revisions"}],"predecessor-version":[{"id":1932,"href":"https:\/\/empacho.net\/joelv\/wp-json\/wp\/v2\/posts\/1900\/revisions\/1932"}],"wp:featuredmedia":[{"embeddable":true,"href":"https:\/\/empacho.net\/joelv\/wp-json\/wp\/v2\/media\/1929"}],"wp:attachment":[{"href":"https:\/\/empacho.net\/joelv\/wp-json\/wp\/v2\/media?parent=1900"}],"wp:term":[{"taxonomy":"category","embeddable":true,"href":"https:\/\/empacho.net\/joelv\/wp-json\/wp\/v2\/categories?post=1900"},{"taxonomy":"post_tag","embeddable":true,"href":"https:\/\/empacho.net\/joelv\/wp-json\/wp\/v2\/tags?post=1900"}],"curies":[{"name":"wp","href":"https:\/\/api.w.org\/{rel}","templated":true}]}}