{"id":1770,"date":"2012-09-17T02:29:47","date_gmt":"2012-09-17T02:29:47","guid":{"rendered":"http:\/\/empacho.net\/joelv\/?p=1770"},"modified":"2018-09-11T13:59:38","modified_gmt":"2018-09-11T13:59:38","slug":"icono-indice-simbolo-y-pictogramas","status":"publish","type":"post","link":"https:\/\/empacho.net\/joelv\/icono-indice-simbolo-y-pictogramas\/","title":{"rendered":"\u00cdcono, \u00cdndice y S\u00edmbolo"},"content":{"rendered":"<p>[et_pb_section bb_built=&#8221;1&#8243; next_background_color=&#8221;#000000&#8243; collapsed=&#8221;on&#8221;][et_pb_row][et_pb_column type=&#8221;4_4&#8243;][et_pb_text _builder_version=&#8221;3.13.1&#8243;]<\/p>\n<p>El ejercicio consta en realizar tres aproximaciones a un concepto, en este caso el de \u201cEnerg\u00eda at\u00f3mica\u201d, desde la clasificaci\u00f3n de signos propuesta por Pierce.<\/p>\n<p>&nbsp;<\/p>\n<p>[\/et_pb_text][\/et_pb_column][\/et_pb_row][et_pb_row][et_pb_column type=&#8221;1_2&#8243;][et_pb_image _builder_version=&#8221;3.13.1&#8243; src=&#8221;http:\/\/empacho.net\/joelv\/wp-content\/uploads\/2012\/09\/simbolo-nuclear-2018.png&#8221; show_in_lightbox=&#8221;on&#8221; \/][\/et_pb_column][et_pb_column type=&#8221;1_2&#8243;][et_pb_text _builder_version=&#8221;3.13.1&#8243;]<\/p>\n<p><strong>S\u00edmbolo<\/strong><\/p>\n<p>El prop\u00f3sito es representar el concepto a trav\u00e9s de la asociaci\u00f3n de signos adoptados por la sociedad, es decir, con signos convencionales socialmente reconocidos. As\u00ed como las palabras de un idioma, se trata de encontrar una combinaci\u00f3n gr\u00e1fica que signifique, dentro de un contexto determinado, un concepto dado. Se eligi\u00f3 la figura de un brazo levantado y flexionado que resalta el grosor del b\u00edceps, sobre el cual se representa un \u00e1tomo basado en el modelo de Rutherford (ampliamente conocido) para aludir a la idea de \u201cpoder at\u00f3mico\u201d, muy cercana a la de \u201cenerg\u00eda at\u00f3mica\u201d.<\/p>\n<p>[\/et_pb_text][\/et_pb_column][\/et_pb_row][et_pb_row][et_pb_column type=&#8221;4_4&#8243;][et_pb_divider _builder_version=&#8221;3.13.1&#8243; show_divider=&#8221;off&#8221; height=&#8221;72px&#8221; \/][\/et_pb_column][\/et_pb_row][et_pb_row][et_pb_column type=&#8221;1_2&#8243;][et_pb_image _builder_version=&#8221;3.13.1&#8243; src=&#8221;http:\/\/empacho.net\/joelv\/wp-content\/uploads\/2012\/09\/indice-nuclear-2018.png&#8221; show_in_lightbox=&#8221;on&#8221; \/][\/et_pb_column][et_pb_column type=&#8221;1_2&#8243;][et_pb_text _builder_version=&#8221;3.13.1&#8243;]<\/p>\n<p><strong>\u00cdndice<\/strong><\/p>\n<p>El prop\u00f3sito es representar el concepto a trav\u00e9s de la alusi\u00f3n por medio de un objeto o circunstancia que nos remita a \u00e9l. Se escogi\u00f3 representar las torres de refrigeraci\u00f3n de una central nuclear, ya que son una estructura muy reconocible y que r\u00e1pidamente se asocia con la energ\u00eda at\u00f3mica, en gran parte, por la gran difusi\u00f3n que Los Simpson han dado a esta construcci\u00f3n.<\/p>\n<p>[\/et_pb_text][\/et_pb_column][\/et_pb_row][et_pb_row][et_pb_column type=&#8221;4_4&#8243;][et_pb_image _builder_version=&#8221;3.13.1&#8243; src=&#8221;http:\/\/empacho.net\/joelv\/wp-content\/uploads\/2012\/09\/indice-proceso-2018.jpg&#8221; \/][et_pb_divider _builder_version=&#8221;3.13.1&#8243; show_divider=&#8221;off&#8221; height=&#8221;72px&#8221; \/][\/et_pb_column][\/et_pb_row][et_pb_row][et_pb_column type=&#8221;1_2&#8243;][et_pb_image _builder_version=&#8221;3.13.1&#8243; src=&#8221;http:\/\/empacho.net\/joelv\/wp-content\/uploads\/2012\/09\/icono-nuclear-2018.png&#8221; show_in_lightbox=&#8221;on&#8221; \/][\/et_pb_column][et_pb_column type=&#8221;1_2&#8243;][et_pb_text _builder_version=&#8221;3.13.1&#8243;]<\/p>\n<p><strong>\u00cdcono<\/strong><\/p>\n<p>El prop\u00f3sito es representar el concepto a trav\u00e9s de la simplificaci\u00f3n del objeto como es en el mundo real. Se eligi\u00f3 la representaci\u00f3n del manejo de barras de Plutonio, debido a que es la parte m\u00e1s tangible del proceso de producci\u00f3n de energ\u00eda at\u00f3mica. El fondo y los rayos enfatizan la energ\u00eda de la barra.<\/p>\n<p>[\/et_pb_text][\/et_pb_column][\/et_pb_row][et_pb_row][et_pb_column type=&#8221;4_4&#8243;][et_pb_image _builder_version=&#8221;3.13.1&#8243; src=&#8221;http:\/\/empacho.net\/joelv\/wp-content\/uploads\/2012\/09\/icono-proceso-2018.png&#8221; \/][\/et_pb_column][\/et_pb_row][\/et_pb_section][et_pb_section bb_built=&#8221;1&#8243; fullwidth=&#8221;off&#8221; specialty=&#8221;off&#8221; prev_background_color=&#8221;#000000&#8243; collapsed=&#8221;off&#8221;][et_pb_row][et_pb_column type=&#8221;4_4&#8243;][et_pb_text _builder_version=&#8221;3.13.1&#8243;]<\/p>\n<p><strong>\u00cccono personal<\/strong><\/p>\n<p>El ejercicio consisti\u00f3 en la iconizaci\u00f3n de una fotograf\u00eda personal, conservando la expresi\u00f3n y los rasgos distintivos de cada uno.<\/p>\n<p><em>Bocetaje<\/em><\/p>\n\n\t\t<style type=\"text\/css\">\n\t\t\t#gallery-1 {\n\t\t\t\tmargin: auto;\n\t\t\t}\n\t\t\t#gallery-1 .gallery-item {\n\t\t\t\tfloat: left;\n\t\t\t\tmargin-top: 10px;\n\t\t\t\ttext-align: center;\n\t\t\t\twidth: 25%;\n\t\t\t}\n\t\t\t#gallery-1 img {\n\t\t\t\tborder: 2px solid #cfcfcf;\n\t\t\t}\n\t\t\t#gallery-1 .gallery-caption {\n\t\t\t\tmargin-left: 0;\n\t\t\t}\n\t\t\t\/* see gallery_shortcode() in wp-includes\/media.php *\/\n\t\t<\/style>\n\t\t<div id='gallery-1' class='gallery galleryid-1770 gallery-columns-4 gallery-size-medium'><dl class='gallery-item'>\n\t\t\t<dt class='gallery-icon landscape'>\n\t\t\t\t<a href='https:\/\/empacho.net\/joelv\/wp-content\/uploads\/2012\/09\/icono-personal-foto.jpg' title=\"\" data-rl_title=\"\" class=\"rl-gallery-link\" data-rl_caption=\"\" data-rel=\"lightbox-gallery-1\"><img loading=\"lazy\" decoding=\"async\" width=\"300\" height=\"300\" src=\"https:\/\/empacho.net\/joelv\/wp-content\/uploads\/2012\/09\/icono-personal-foto-300x300.jpg\" class=\"attachment-medium size-medium\" alt=\"\" aria-describedby=\"gallery-1-1815\" srcset=\"https:\/\/empacho.net\/joelv\/wp-content\/uploads\/2012\/09\/icono-personal-foto-300x300.jpg 300w, https:\/\/empacho.net\/joelv\/wp-content\/uploads\/2012\/09\/icono-personal-foto-150x150.jpg 150w, https:\/\/empacho.net\/joelv\/wp-content\/uploads\/2012\/09\/icono-personal-foto-45x45.jpg 45w, https:\/\/empacho.net\/joelv\/wp-content\/uploads\/2012\/09\/icono-personal-foto.jpg 540w\" sizes=\"(max-width: 300px) 100vw, 300px\" \/><\/a>\n\t\t\t<\/dt>\n\t\t\t\t<dd class='wp-caption-text gallery-caption' id='gallery-1-1815'>\n\t\t\t\tFotograf\u00eda\n\t\t\t\t<\/dd><\/dl><dl class='gallery-item'>\n\t\t\t<dt class='gallery-icon landscape'>\n\t\t\t\t<a href='https:\/\/empacho.net\/joelv\/wp-content\/uploads\/2012\/09\/icono-personal-lapiz.jpg' title=\"\" data-rl_title=\"\" class=\"rl-gallery-link\" data-rl_caption=\"\" data-rel=\"lightbox-gallery-1\"><img loading=\"lazy\" decoding=\"async\" width=\"300\" height=\"300\" src=\"https:\/\/empacho.net\/joelv\/wp-content\/uploads\/2012\/09\/icono-personal-lapiz-300x300.jpg\" class=\"attachment-medium size-medium\" alt=\"\" aria-describedby=\"gallery-1-1816\" srcset=\"https:\/\/empacho.net\/joelv\/wp-content\/uploads\/2012\/09\/icono-personal-lapiz-300x300.jpg 300w, https:\/\/empacho.net\/joelv\/wp-content\/uploads\/2012\/09\/icono-personal-lapiz-150x150.jpg 150w, https:\/\/empacho.net\/joelv\/wp-content\/uploads\/2012\/09\/icono-personal-lapiz-45x45.jpg 45w, https:\/\/empacho.net\/joelv\/wp-content\/uploads\/2012\/09\/icono-personal-lapiz.jpg 540w\" sizes=\"(max-width: 300px) 100vw, 300px\" \/><\/a>\n\t\t\t<\/dt>\n\t\t\t\t<dd class='wp-caption-text gallery-caption' id='gallery-1-1816'>\n\t\t\t\tFigurativo\n\t\t\t\t<\/dd><\/dl><dl class='gallery-item'>\n\t\t\t<dt class='gallery-icon landscape'>\n\t\t\t\t<a href='https:\/\/empacho.net\/joelv\/wp-content\/uploads\/2012\/09\/icono-personal-plumon.jpg' title=\"\" data-rl_title=\"\" class=\"rl-gallery-link\" data-rl_caption=\"\" data-rel=\"lightbox-gallery-1\"><img loading=\"lazy\" decoding=\"async\" width=\"300\" height=\"300\" src=\"https:\/\/empacho.net\/joelv\/wp-content\/uploads\/2012\/09\/icono-personal-plumon-300x300.jpg\" class=\"attachment-medium size-medium\" alt=\"\" aria-describedby=\"gallery-1-1818\" srcset=\"https:\/\/empacho.net\/joelv\/wp-content\/uploads\/2012\/09\/icono-personal-plumon-300x300.jpg 300w, https:\/\/empacho.net\/joelv\/wp-content\/uploads\/2012\/09\/icono-personal-plumon-150x150.jpg 150w, https:\/\/empacho.net\/joelv\/wp-content\/uploads\/2012\/09\/icono-personal-plumon-45x45.jpg 45w, https:\/\/empacho.net\/joelv\/wp-content\/uploads\/2012\/09\/icono-personal-plumon.jpg 540w\" sizes=\"(max-width: 300px) 100vw, 300px\" \/><\/a>\n\t\t\t<\/dt>\n\t\t\t\t<dd class='wp-caption-text gallery-caption' id='gallery-1-1818'>\n\t\t\t\tManchas\n\t\t\t\t<\/dd><\/dl><dl class='gallery-item'>\n\t\t\t<dt class='gallery-icon landscape'>\n\t\t\t\t<a href='https:\/\/empacho.net\/joelv\/wp-content\/uploads\/2012\/09\/icono-personal-pluma.jpg' title=\"\" data-rl_title=\"\" class=\"rl-gallery-link\" data-rl_caption=\"\" data-rel=\"lightbox-gallery-1\"><img loading=\"lazy\" decoding=\"async\" width=\"300\" height=\"300\" src=\"https:\/\/empacho.net\/joelv\/wp-content\/uploads\/2012\/09\/icono-personal-pluma-300x300.jpg\" class=\"attachment-medium size-medium\" alt=\"\" aria-describedby=\"gallery-1-1817\" srcset=\"https:\/\/empacho.net\/joelv\/wp-content\/uploads\/2012\/09\/icono-personal-pluma-300x300.jpg 300w, https:\/\/empacho.net\/joelv\/wp-content\/uploads\/2012\/09\/icono-personal-pluma-150x150.jpg 150w, https:\/\/empacho.net\/joelv\/wp-content\/uploads\/2012\/09\/icono-personal-pluma-45x45.jpg 45w, https:\/\/empacho.net\/joelv\/wp-content\/uploads\/2012\/09\/icono-personal-pluma.jpg 540w\" sizes=\"(max-width: 300px) 100vw, 300px\" \/><\/a>\n\t\t\t<\/dt>\n\t\t\t\t<dd class='wp-caption-text gallery-caption' id='gallery-1-1817'>\n\t\t\t\tL\u00edneas\n\t\t\t\t<\/dd><\/dl><br style=\"clear: both\" \/>\n\t\t<\/div>\n\n<p>[\/et_pb_text][et_pb_text _builder_version=&#8221;3.13.1&#8243;]<\/p>\n<p><em>Desarrollo de la propuesta<\/em><\/p>\n<p>[\/et_pb_text][et_pb_image _builder_version=&#8221;3.13.1&#8243; src=&#8221;http:\/\/empacho.net\/joelv\/wp-content\/uploads\/2012\/09\/icono-personal-variaciones.png&#8221; custom_padding=&#8221;||32px|&#8221; \/][et_pb_code _builder_version=&#8221;3.13.1&#8243;]&lt;p&gt;&lt;em&gt;Propuesta final&lt;\/em&gt;&lt;\/p&gt;&lt;p style=&#8221;text-align:center;&#8221;&gt;&lt;a data-flickr-embed=&#8221;true&#8221; href=&#8221;https:\/\/www.flickr.com\/photos\/trapitosalsol\/9407850059\/in\/dateposted-public\/&#8221; title=&#8221;Me Cago de Risa&#8221; target=&#8221;blank_&#8221;&gt;&lt;img src=&#8221;https:\/\/farm4.staticflickr.com\/3713\/9407850059_baa4f6aaa1_o.jpg&#8221; width=&#8221;600&#8243; height=&#8221;600&#8243; alt=&#8221;Me Cago de Risa&#8221;&gt;&lt;\/a&gt;&lt;\/p&gt;&lt;script async src=&#8221;\/\/embedr.flickr.com\/assets\/client-code.js&#8221; charset=&#8221;utf-8&#8243;&gt;&lt;\/script&gt;[\/et_pb_code][\/et_pb_column][\/et_pb_row][\/et_pb_section]<\/p>\n","protected":false},"excerpt":{"rendered":"<p><div class=\"et_pb_row et_pb_row_0 et_pb_row_empty\">\n\t\t\t\t\n\t\t\t\t\n\t\t\t\t\n\t\t\t\t\n\t\t\t\t\n\t\t\t<\/div> El ejercicio consta en realizar tres aproximaciones a un concepto, en este caso el de \u201cEnerg\u00eda at\u00f3mica\u201d, desde la clasificaci\u00f3n de signos propuesta por Pierce. &nbsp; <div class=\"et_pb_row et_pb_row_1 et_pb_row_empty\">\n\t\t\t\t\n\t\t\t\t\n\t\t\t\t\n\t\t\t\t\n\t\t\t\t\n\t\t\t<\/div> S\u00edmbolo El prop\u00f3sito es representar el concepto a trav\u00e9s de la asociaci\u00f3n de signos adoptados por la sociedad, es decir, con signos convencionales socialmente reconocidos. As\u00ed como [&hellip;]<\/p>\n","protected":false},"author":1,"featured_media":1885,"comment_status":"open","ping_status":"open","sticky":false,"template":"","format":"standard","meta":{"_et_pb_use_builder":"on","_et_pb_old_content":"","_et_gb_content_width":"","footnotes":""},"categories":[4],"tags":[],"class_list":["post-1770","post","type-post","status-publish","format-standard","has-post-thumbnail","hentry","category-blog"],"_links":{"self":[{"href":"https:\/\/empacho.net\/joelv\/wp-json\/wp\/v2\/posts\/1770","targetHints":{"allow":["GET"]}}],"collection":[{"href":"https:\/\/empacho.net\/joelv\/wp-json\/wp\/v2\/posts"}],"about":[{"href":"https:\/\/empacho.net\/joelv\/wp-json\/wp\/v2\/types\/post"}],"author":[{"embeddable":true,"href":"https:\/\/empacho.net\/joelv\/wp-json\/wp\/v2\/users\/1"}],"replies":[{"embeddable":true,"href":"https:\/\/empacho.net\/joelv\/wp-json\/wp\/v2\/comments?post=1770"}],"version-history":[{"count":53,"href":"https:\/\/empacho.net\/joelv\/wp-json\/wp\/v2\/posts\/1770\/revisions"}],"predecessor-version":[{"id":1886,"href":"https:\/\/empacho.net\/joelv\/wp-json\/wp\/v2\/posts\/1770\/revisions\/1886"}],"wp:featuredmedia":[{"embeddable":true,"href":"https:\/\/empacho.net\/joelv\/wp-json\/wp\/v2\/media\/1885"}],"wp:attachment":[{"href":"https:\/\/empacho.net\/joelv\/wp-json\/wp\/v2\/media?parent=1770"}],"wp:term":[{"taxonomy":"category","embeddable":true,"href":"https:\/\/empacho.net\/joelv\/wp-json\/wp\/v2\/categories?post=1770"},{"taxonomy":"post_tag","embeddable":true,"href":"https:\/\/empacho.net\/joelv\/wp-json\/wp\/v2\/tags?post=1770"}],"curies":[{"name":"wp","href":"https:\/\/api.w.org\/{rel}","templated":true}]}}