{"id":1550,"date":"2011-10-11T09:45:15","date_gmt":"2011-10-11T09:45:15","guid":{"rendered":"http:\/\/empacho.net\/joelv\/?p=1550"},"modified":"2018-08-08T10:19:09","modified_gmt":"2018-08-08T10:19:09","slug":"algunos-problemas-contemporaneos-del-diseno-en-la-cultura","status":"publish","type":"post","link":"https:\/\/empacho.net\/joelv\/algunos-problemas-contemporaneos-del-diseno-en-la-cultura\/","title":{"rendered":"Algunos problemas contempor\u00e1neos del dise\u00f1o en la cultura"},"content":{"rendered":"<p>Los problemas actuales parecen derivar de una ra\u00edz com\u00fan: el ciclo de vida de los productos. La historia de la econom\u00eda global comenz\u00f3 a cambiar en cuanto los medios de producci\u00f3n fueron capaces de producir a gran escala, esto en parte por la externalizaci\u00f3n de los costos de producci\u00f3n. La externalizaci\u00f3n de costos impacta en dos \u00e1mbitos, el ambiental, por la extracci\u00f3n desmesurada de los recursos naturales, y el \u00e1mbito social debido a las migraciones del campo a la ciudad, la injusticia laboral y la forma de vida derivada del consumismo.<\/p>\n<p>Se puede decir que los da\u00f1os provocados al ambiente por el sistema de producci\u00f3n reinante son consecuencia de factores pol\u00edticos y econ\u00f3micos que impulsan la producci\u00f3n de objetos con el \u00fanico fin de ser consumidos. Sin embargo, estos factores se fundan en una forma de vida, en una serie de relaciones y costumbres sociales que hemos heredado y que han sido llevadas hasta los l\u00edmites. No es fortuito que ser joven se haya convertido en un ideal generalizado en esta \u00e9poca, cuando al mismo tiempo los medios nos bombardean con productos nuevos y relucientes miles de veces al d\u00eda. La juventud y lo nuevo son dos atributos que comienzan a desvanecerse apenas comienzan a usarse. Conservarse joven, conservarse a la moda, es una tarea que consume demasiados recursos. La juventud de unos la pagan otros desgastando sus vidas en trabajos mal remunerados o da\u00f1inos para su salud, la paga tambi\u00e9n la naturaleza mediante la extracci\u00f3n de recursos, y la pagan igualmente los <em>eternamente j\u00f3venes<\/em> con un constante estado de insatisfacci\u00f3n y una creciente infelicidad.<\/p>\n<p>Sin embargo, est\u00e1 nueva juventud es, a su vez, quien tiene posibilidad de cambiar toda est\u00e1 situaci\u00f3n insostenible provocada por la forma actual de producci\u00f3n y consumo. Est\u00e1 nueva generaci\u00f3n dispersa, remezclada y voluble, tiene la capacidad de analizar situaciones por dem\u00e1s complejas que necesitan ser resueltas para lograr un cambio en el <em>status quo<\/em> de la sociedad y alcanzar un desarrollo sustentable que considere todos los \u00e1mbitos del ciclo de vida de los productos y servicios, y m\u00e1s a\u00fan, que cuestione de fondo las necesidades fabricadas por el modelo del consumismo.<\/p>\n<p>Es aqu\u00ed donde el <em>ecodise\u00f1o<\/em> se propone como una herramienta de transici\u00f3n gradual entre el actual sistema de producci\u00f3n cuya mira s\u00f3lo est\u00e1 enfocada en la acumulaci\u00f3n de capital y un sistema con miras m\u00e1s amplias al sistema entero, que contempla al hombre dentro de un entorno finito y la manera m\u00e1s adecuada de relacionarse con \u00e9ste y entre nosotros para asegurar el sustento de las futuras generaciones. El <em>ecodise\u00f1o<\/em> propone un mejoramiento de los sistemas de producci\u00f3n, para que se cubran las necesidades actuales de las personas con el menor da\u00f1o posible al medio ambiente y a los individuos. Aunque el <em>ecodise\u00f1o<\/em> no se postula en contra del sistema de producci\u00f3n predominante, s\u00ed pretende sentar las bases te\u00f3ricas y metodol\u00f3gicas que permitan un cambio de conciencia que permita posteriormente migrar a un sistema sustentable en el que el ciclo de vida de los productos sea respetuoso tanto con el ambiente como con las personas, ya que ambos son partes de un \u00fanico sistema.<\/p>\n<p>La juventud actual que nos hemos inventado es quien tiene no s\u00f3lo los recursos necesarios y la capacidad de tomar conciencia respecto a toda esta problem\u00e1tica, sino adem\u00e1s es la que definir\u00e1 el rumbo que las siguientes generaciones han de heredar.<\/p>\n<p>&nbsp;<\/p>\n<p><a title=\"Shot, Montana.\" href=\"https:\/\/www.flickr.com\/photos\/trapitosalsol\/5205943753\/in\/dateposted-public\/\" data-flickr-embed=\"true\"><img loading=\"lazy\" decoding=\"async\" src=\"https:\/\/farm5.staticflickr.com\/4091\/5205943753_2a31f1ab79_b.jpg\" alt=\"Shot, Montana.\" width=\"764\" height=\"1024\" \/><\/a><script async src=\"\/\/embedr.flickr.com\/assets\/client-code.js\" charset=\"utf-8\"><\/script><\/p>\n","protected":false},"excerpt":{"rendered":"<p>Los problemas actuales parecen derivar de una ra\u00edz com\u00fan: el ciclo de vida de los productos. La historia de la econom\u00eda global comenz\u00f3 a cambiar en cuanto los medios de producci\u00f3n fueron capaces de producir a gran escala, esto en parte por la externalizaci\u00f3n de los costos de producci\u00f3n. La externalizaci\u00f3n de costos impacta en [&hellip;]<\/p>\n","protected":false},"author":1,"featured_media":1554,"comment_status":"open","ping_status":"open","sticky":false,"template":"","format":"standard","meta":{"_et_pb_use_builder":"","_et_pb_old_content":"","_et_gb_content_width":"","footnotes":""},"categories":[4],"tags":[],"class_list":["post-1550","post","type-post","status-publish","format-standard","has-post-thumbnail","hentry","category-blog"],"_links":{"self":[{"href":"https:\/\/empacho.net\/joelv\/wp-json\/wp\/v2\/posts\/1550","targetHints":{"allow":["GET"]}}],"collection":[{"href":"https:\/\/empacho.net\/joelv\/wp-json\/wp\/v2\/posts"}],"about":[{"href":"https:\/\/empacho.net\/joelv\/wp-json\/wp\/v2\/types\/post"}],"author":[{"embeddable":true,"href":"https:\/\/empacho.net\/joelv\/wp-json\/wp\/v2\/users\/1"}],"replies":[{"embeddable":true,"href":"https:\/\/empacho.net\/joelv\/wp-json\/wp\/v2\/comments?post=1550"}],"version-history":[{"count":4,"href":"https:\/\/empacho.net\/joelv\/wp-json\/wp\/v2\/posts\/1550\/revisions"}],"predecessor-version":[{"id":1555,"href":"https:\/\/empacho.net\/joelv\/wp-json\/wp\/v2\/posts\/1550\/revisions\/1555"}],"wp:featuredmedia":[{"embeddable":true,"href":"https:\/\/empacho.net\/joelv\/wp-json\/wp\/v2\/media\/1554"}],"wp:attachment":[{"href":"https:\/\/empacho.net\/joelv\/wp-json\/wp\/v2\/media?parent=1550"}],"wp:term":[{"taxonomy":"category","embeddable":true,"href":"https:\/\/empacho.net\/joelv\/wp-json\/wp\/v2\/categories?post=1550"},{"taxonomy":"post_tag","embeddable":true,"href":"https:\/\/empacho.net\/joelv\/wp-json\/wp\/v2\/tags?post=1550"}],"curies":[{"name":"wp","href":"https:\/\/api.w.org\/{rel}","templated":true}]}}