{"id":1193,"date":"2010-05-28T12:44:21","date_gmt":"2010-05-28T12:44:21","guid":{"rendered":"http:\/\/empacho.net\/joelv\/?p=1193"},"modified":"2019-05-01T22:49:51","modified_gmt":"2019-05-01T22:49:51","slug":"taller-de-fotografia-digital","status":"publish","type":"post","link":"https:\/\/empacho.net\/joelv\/taller-de-fotografia-digital\/","title":{"rendered":"Taller de Fotograf\u00eda Digital"},"content":{"rendered":"<p>[et_pb_section fb_built=&#8221;1&#8243; _builder_version=&#8221;3.22.3&#8243; custom_margin=&#8221;|0px||0px&#8221; custom_padding=&#8221;|0px||0px&#8221;][et_pb_row use_custom_gutter=&#8221;on&#8221; gutter_width=&#8221;2&#8243; _builder_version=&#8221;3.22.3&#8243; width=&#8221;100%&#8221; max_width=&#8221;100%&#8221; use_custom_width=&#8221;on&#8221; width_unit=&#8221;off&#8221; custom_width_percent=&#8221;100%&#8221;][et_pb_column type=&#8221;4_4&#8243; _builder_version=&#8221;3.0.47&#8243;][et_pb_text admin_label=&#8221;Texto regina&#8221; _builder_version=&#8221;3.22.5&#8243; custom_padding=&#8221;||0px|||&#8221; text_font=&#8221;||||||||&#8221; text_orientation=&#8221;justified&#8221;]<\/p>\n<p><strong>Fotograf\u00edas de la calle Regina en el Centro Hist\u00f3rico de la Ciudad de M\u00e9xico<\/strong><\/p>\n<p>Este primer ejercicio consisti\u00f3 en realizar una serie de fotograf\u00eda que retratara diferentes objetos o personas bajo distintas condiciones de luz natural, para as\u00ed tener una mejor comprensi\u00f3n de las capacidades de la c\u00e1mara y las modificaciones pertinentes para cada tipos de iluminaci\u00f3n en espec\u00edfico.<\/p>\n<p>[\/et_pb_text][et_pb_gallery gallery_ids=&#8221;1195,1196,1197,1198,1199,1200,1201,1202,1203,1204,1205,1206&#8243; posts_number=&#8221;12&#8243; show_title_and_caption=&#8221;off&#8221; show_pagination=&#8221;off&#8221; zoom_icon_color=&#8221;#41d1e5&#8243; admin_label=&#8221;Galer\u00eda regina&#8221; _builder_version=&#8221;3.9&#8243;][\/et_pb_gallery][\/et_pb_column][\/et_pb_row][et_pb_row use_custom_gutter=&#8221;on&#8221; gutter_width=&#8221;2&#8243; _builder_version=&#8221;3.22.3&#8243; width=&#8221;100%&#8221; max_width=&#8221;100%&#8221; use_custom_width=&#8221;on&#8221; width_unit=&#8221;off&#8221; custom_width_percent=&#8221;100%&#8221;][et_pb_column type=&#8221;4_4&#8243; _builder_version=&#8221;3.0.47&#8243;][et_pb_text admin_label=&#8221;Texto diafragma&#8221; _builder_version=&#8221;3.9&#8243;]<strong>Fotograf\u00edas con diferente apertura de diafragma<\/strong><br \/>\n[\/et_pb_text][et_pb_gallery gallery_ids=&#8221;1239,1240,1235,1236,1237,1238&#8243; fullwidth=&#8221;on&#8221; admin_label=&#8221;Galer\u00eda diafragma&#8221; _builder_version=&#8221;3.9&#8243; auto=&#8221;on&#8221; auto_speed=&#8221;1600&#8243;][\/et_pb_gallery][\/et_pb_column][\/et_pb_row][et_pb_row use_custom_gutter=&#8221;on&#8221; gutter_width=&#8221;2&#8243; _builder_version=&#8221;3.22.3&#8243; width=&#8221;100%&#8221; max_width=&#8221;100%&#8221; use_custom_width=&#8221;on&#8221; width_unit=&#8221;off&#8221; custom_width_percent=&#8221;100%&#8221;][et_pb_column type=&#8221;4_4&#8243; _builder_version=&#8221;3.0.47&#8243;][et_pb_text admin_label=&#8221;Texto ISO&#8221; _builder_version=&#8221;3.9&#8243;]<strong>Fotograf\u00edas con diferente ISO<\/strong><br \/>\n[\/et_pb_text][et_pb_gallery gallery_ids=&#8221;1246,1243,1244,1245&#8243; fullwidth=&#8221;on&#8221; admin_label=&#8221;Galer\u00eda ISO&#8221; _builder_version=&#8221;3.9&#8243; auto=&#8221;on&#8221; auto_speed=&#8221;1600&#8243;][\/et_pb_gallery][\/et_pb_column][\/et_pb_row][et_pb_row use_custom_gutter=&#8221;on&#8221; gutter_width=&#8221;2&#8243; _builder_version=&#8221;3.22.3&#8243; width=&#8221;100%&#8221; max_width=&#8221;100%&#8221; use_custom_width=&#8221;on&#8221; width_unit=&#8221;off&#8221; custom_width_percent=&#8221;100%&#8221;][et_pb_column type=&#8221;4_4&#8243; _builder_version=&#8221;3.0.47&#8243;][et_pb_text admin_label=&#8221;Texto exposicion&#8221; _builder_version=&#8221;3.9&#8243;]<strong>Fotograf\u00edas con diferente tiempo de exposici\u00f3n<\/strong><br \/>\n[\/et_pb_text][et_pb_gallery gallery_ids=&#8221;1253,1252,1251,1250,1248,1249&#8243; fullwidth=&#8221;on&#8221; admin_label=&#8221;Galer\u00eda tiempo&#8221; _builder_version=&#8221;3.9&#8243; auto=&#8221;on&#8221; auto_speed=&#8221;1600&#8243;][\/et_pb_gallery][\/et_pb_column][\/et_pb_row][et_pb_row use_custom_gutter=&#8221;on&#8221; gutter_width=&#8221;2&#8243; _builder_version=&#8221;3.22.3&#8243; width=&#8221;100%&#8221; max_width=&#8221;100%&#8221; use_custom_width=&#8221;on&#8221; width_unit=&#8221;off&#8221; custom_width_percent=&#8221;100%&#8221;][et_pb_column type=&#8221;4_4&#8243; _builder_version=&#8221;3.0.47&#8243;][et_pb_text admin_label=&#8221;Texto textura y canales&#8221; _builder_version=&#8221;3.22.5&#8243;]<\/p>\n<p><strong>Fotograf\u00eda con textura y alteraci\u00f3n de canales<\/strong><\/p>\n<p>[\/et_pb_text][et_pb_image src=&#8221;http:\/\/empacho.net\/joelv\/wp-content\/uploads\/2010\/05\/foto-canalestexturas.jpg&#8221; _builder_version=&#8221;3.22.5&#8243;][\/et_pb_image][et_pb_code _builder_version=&#8221;3.22.5&#8243;]<div id=\"twenty20-1\" class=\"twenty20\" style=\"width: 100% !important; clear: both;\"><div class=\"twentytwenty-container twenty20-1 t20-hover\"><img decoding=\"async\" src=\"https:\/\/empacho.net\/joelv\/wp-content\/uploads\/2010\/05\/foto-canalesvolumen.jpg\" alt=\"Before image\" \/><img decoding=\"async\" src=\"https:\/\/empacho.net\/joelv\/wp-content\/uploads\/2018\/07\/foto-canalesvolumen1.jpg\" alt=\"After image\" \/><\/div><\/div>[\/et_pb_code][\/et_pb_column][\/et_pb_row][et_pb_row use_custom_gutter=&#8221;on&#8221; gutter_width=&#8221;2&#8243; _builder_version=&#8221;3.22.3&#8243; width=&#8221;100%&#8221; max_width=&#8221;100%&#8221; use_custom_width=&#8221;on&#8221; width_unit=&#8221;off&#8221; custom_width_percent=&#8221;100%&#8221;][et_pb_column type=&#8221;4_4&#8243; _builder_version=&#8221;3.0.47&#8243;][et_pb_text admin_label=&#8221;Texto correccion&#8221; _builder_version=&#8221;3.22.5&#8243;]<\/p>\n<p><strong>Correcci\u00f3n Fotograf\u00eda<\/strong><\/p>\n<p>[\/et_pb_text][et_pb_code _builder_version=&#8221;3.22.5&#8243;]<div id=\"twenty20-2\" class=\"twenty20\" style=\"width: 100% !important; clear: both;\"><div class=\"twentytwenty-container twenty20-2 t20-hover\"><img decoding=\"async\" src=\"https:\/\/empacho.net\/joelv\/wp-content\/uploads\/2018\/07\/correccion-fotografica2-pre.jpg\" alt=\"Before image\" \/><img decoding=\"async\" src=\"https:\/\/empacho.net\/joelv\/wp-content\/uploads\/2018\/07\/correccion-fotografica2-post.jpg\" alt=\"After image\" \/><\/div><\/div>[\/et_pb_code][et_pb_code _builder_version=&#8221;3.22.5&#8243;]<div id=\"twenty20-3\" class=\"twenty20\" style=\"width: 100% !important; clear: both;\"><div class=\"twentytwenty-container twenty20-3 t20-hover\"><img decoding=\"async\" src=\"https:\/\/empacho.net\/joelv\/wp-content\/uploads\/2018\/07\/correccion-fotografica1-pre.jpg\" alt=\"Before image\" \/><img decoding=\"async\" src=\"https:\/\/empacho.net\/joelv\/wp-content\/uploads\/2018\/07\/correccion-fotografica1-post.jpg\" alt=\"After image\" \/><\/div><\/div>[\/et_pb_code][\/et_pb_column][\/et_pb_row][et_pb_row use_custom_gutter=&#8221;on&#8221; gutter_width=&#8221;2&#8243; _builder_version=&#8221;3.22.3&#8243; width=&#8221;100%&#8221; max_width=&#8221;100%&#8221; use_custom_width=&#8221;on&#8221; width_unit=&#8221;off&#8221; custom_width_percent=&#8221;100%&#8221;][et_pb_column type=&#8221;4_4&#8243; _builder_version=&#8221;3.0.47&#8243;][et_pb_text admin_label=&#8221;Texto estudio&#8221; _builder_version=&#8221;3.22.5&#8243;]<\/p>\n<p><strong>Fotograf\u00eda de estudio<\/strong><\/p>\n<p>[\/et_pb_text][et_pb_image show_in_lightbox=&#8221;on&#8221; _builder_version=&#8221;3.22.5&#8243; src=&#8221;http:\/\/empacho.net\/joelv\/wp-content\/uploads\/2010\/05\/foto-estudio-vidrio.jpg&#8221;][\/et_pb_image][et_pb_image show_in_lightbox=&#8221;on&#8221; _builder_version=&#8221;3.22.5&#8243; src=&#8221;http:\/\/empacho.net\/joelv\/wp-content\/uploads\/2010\/05\/foto-estudio-metal.jpg&#8221;][\/et_pb_image][\/et_pb_column][\/et_pb_row][\/et_pb_section]<\/p>\n","protected":false},"excerpt":{"rendered":"<p>Fotograf\u00edas de la calle Regina en el Centro Hist\u00f3rico de la Ciudad de M\u00e9xico Este primer ejercicio consisti\u00f3 en realizar una serie de fotograf\u00eda que retratara diferentes objetos o personas bajo distintas condiciones de luz natural, para as\u00ed tener una mejor comprensi\u00f3n de las capacidades de la c\u00e1mara y las modificaciones pertinentes para cada tipos [&hellip;]<\/p>\n","protected":false},"author":1,"featured_media":1263,"comment_status":"open","ping_status":"open","sticky":false,"template":"","format":"standard","meta":{"_et_pb_use_builder":"on","_et_pb_old_content":"","_et_gb_content_width":"","footnotes":""},"categories":[4],"tags":[],"class_list":["post-1193","post","type-post","status-publish","format-standard","has-post-thumbnail","hentry","category-blog"],"_links":{"self":[{"href":"https:\/\/empacho.net\/joelv\/wp-json\/wp\/v2\/posts\/1193","targetHints":{"allow":["GET"]}}],"collection":[{"href":"https:\/\/empacho.net\/joelv\/wp-json\/wp\/v2\/posts"}],"about":[{"href":"https:\/\/empacho.net\/joelv\/wp-json\/wp\/v2\/types\/post"}],"author":[{"embeddable":true,"href":"https:\/\/empacho.net\/joelv\/wp-json\/wp\/v2\/users\/1"}],"replies":[{"embeddable":true,"href":"https:\/\/empacho.net\/joelv\/wp-json\/wp\/v2\/comments?post=1193"}],"version-history":[{"count":37,"href":"https:\/\/empacho.net\/joelv\/wp-json\/wp\/v2\/posts\/1193\/revisions"}],"predecessor-version":[{"id":2508,"href":"https:\/\/empacho.net\/joelv\/wp-json\/wp\/v2\/posts\/1193\/revisions\/2508"}],"wp:featuredmedia":[{"embeddable":true,"href":"https:\/\/empacho.net\/joelv\/wp-json\/wp\/v2\/media\/1263"}],"wp:attachment":[{"href":"https:\/\/empacho.net\/joelv\/wp-json\/wp\/v2\/media?parent=1193"}],"wp:term":[{"taxonomy":"category","embeddable":true,"href":"https:\/\/empacho.net\/joelv\/wp-json\/wp\/v2\/categories?post=1193"},{"taxonomy":"post_tag","embeddable":true,"href":"https:\/\/empacho.net\/joelv\/wp-json\/wp\/v2\/tags?post=1193"}],"curies":[{"name":"wp","href":"https:\/\/api.w.org\/{rel}","templated":true}]}}