{"id":1158,"date":"2018-07-07T09:56:42","date_gmt":"2018-07-07T09:56:42","guid":{"rendered":"http:\/\/empacho.net\/joelv\/?p=1158"},"modified":"2023-04-28T19:57:03","modified_gmt":"2023-04-28T19:57:03","slug":"pruebas","status":"publish","type":"post","link":"https:\/\/empacho.net\/joelv\/pruebas\/","title":{"rendered":"Pruebas"},"content":{"rendered":"\n[et_pb_section][et_pb_row][et_pb_column type=&#8221;4_4&#8243;][et_pb_text]<dev> <div class=\"svt-cd-timeline svt-cd-container\"> \n<div class=\"svt-cd-timeline-block\">\n  <a class=\"svt-cd-timeline-anchor\" name=\"Impresionismo\"><\/a>\n  <div class=\"svt-cd-timeline-img svt-cd-green\">\n    <img decoding=\"async\" src=\"https:\/\/empacho.net\/joelv\/wp-content\/plugins\/simple-vertical-timeline\/img\/cd-icon-location.svg\" alt=\"Picture\">\n  <\/div> <!-- svt-cd-timeline-img -->\n  <div class=\"svt-cd-timeline-content\">\n    <h2 class=\"svt-cd-timeline-content-title\">Impresionismo <span class=\"svt-share\"> <span class=\"lnr lnr-link svt-share-icon\"\/> <span class=\"svt-sharebox\"> <a href=\"#\" onclick=\"window.prompt('Copy this link:', 'https:\/\/empacho.net\/joelv\/?p=1158#Impresionismo')\" ><span class=\"svt-icon-external-link\"><\/span><\/a> <\/span><\/span><\/h2>\n    <p class=\"svt-cd-timeline-content-body\">Intentaban plasmar la luz, la \u201cimpresi\u00f3n\u201d visual de los objetos.&nbsp;Sus elementos son el momento, la luz y la naturaleza.&nbsp;Se desarrolla principalmente en Francia.\n\n<div id=\"attachment_2286\" style=\"width: 310px\" class=\"wp-caption aligncenter\"><a href=\"http:\/\/empacho.net\/joelv\/wp-content\/uploads\/2012\/11\/Claude_Monet_Impression_soleil_levant.jpg\" data-rel=\"lightbox-image-0\" data-rl_title=\"\" data-rl_caption=\"\" title=\"\"><img loading=\"lazy\" decoding=\"async\" aria-describedby=\"caption-attachment-2286\" class=\"wp-image-2286 size-medium\" src=\"http:\/\/empacho.net\/joelv\/wp-content\/uploads\/2012\/11\/Claude_Monet_Impression_soleil_levant-300x233.jpg\" alt=\"\" width=\"300\" height=\"233\" srcset=\"https:\/\/empacho.net\/joelv\/wp-content\/uploads\/2012\/11\/Claude_Monet_Impression_soleil_levant-300x233.jpg 300w, https:\/\/empacho.net\/joelv\/wp-content\/uploads\/2012\/11\/Claude_Monet_Impression_soleil_levant-768x597.jpg 768w, https:\/\/empacho.net\/joelv\/wp-content\/uploads\/2012\/11\/Claude_Monet_Impression_soleil_levant-1024x797.jpg 1024w, https:\/\/empacho.net\/joelv\/wp-content\/uploads\/2012\/11\/Claude_Monet_Impression_soleil_levant-1080x840.jpg 1080w, https:\/\/empacho.net\/joelv\/wp-content\/uploads\/2012\/11\/Claude_Monet_Impression_soleil_levant.jpg 1157w\" sizes=\"(max-width: 300px) 100vw, 300px\" \/><\/a><p id=\"caption-attachment-2286\" class=\"wp-caption-text\">Claude Monet, Impression: soleil levant, 1872-1873 (Par\u00eds, Museo Marmottan Monet).<\/p><\/div>\n\nUso de colores puros y saturados. Las pinceladas son r\u00e1pidas para captar los diversos momentos de la luz.&nbsp;Es el ojo y el cerebro son los que dan unidad y forma al conjunto de pinceladas. La forma es relegada a segundo plano, se centran en la representaci\u00f3n de la luz y el color.<\/p>\n    <p class=\"svt-cd-timeline-content-btm-more\"> <\/p>\n    <span class=\"svt-cd-date\">1850-1930<\/span>\n  <\/div> <!-- svt-cd-timeline-content -->\n<\/div> <!-- svt-cd-timeline-block -->\n\n \n<div class=\"svt-cd-timeline-block\">\n  <a class=\"svt-cd-timeline-anchor\" name=\"Aparece+la+fotograf%C3%ADa\"><\/a>\n  <div class=\"svt-cd-timeline-img svt-cd-yellow\">\n    <img decoding=\"async\" src=\"https:\/\/empacho.net\/joelv\/wp-content\/plugins\/simple-vertical-timeline\/img\/cd-icon-location.svg\" alt=\"Picture\">\n  <\/div> <!-- svt-cd-timeline-img -->\n  <div class=\"svt-cd-timeline-content\">\n    <h2 class=\"svt-cd-timeline-content-title\">Aparece la fotograf\u00eda <span class=\"svt-share\"> <span class=\"lnr lnr-link svt-share-icon\"\/> <span class=\"svt-sharebox\"> <a href=\"#\" onclick=\"window.prompt('Copy this link:', 'https:\/\/empacho.net\/joelv\/?p=1158#Aparece+la+fotograf%C3%ADa')\" ><span class=\"svt-icon-external-link\"><\/span><\/a> <\/span><\/span><\/h2>\n    <p class=\"svt-cd-timeline-content-body\"> George Eastman lanza la c\u00e1mara Kodak. <\/p>\n    <p class=\"svt-cd-timeline-content-btm-more\"> <\/p>\n    <span class=\"svt-cd-date\">1888<\/span>\n  <\/div> <!-- svt-cd-timeline-content -->\n<\/div> <!-- svt-cd-timeline-block -->\n\n \n<div class=\"svt-cd-timeline-block\">\n  <a class=\"svt-cd-timeline-anchor\" name=\"Aparici%C3%B3n+del+cine\"><\/a>\n  <div class=\"svt-cd-timeline-img svt-cd-yellow\">\n    <img decoding=\"async\" src=\"https:\/\/empacho.net\/joelv\/wp-content\/plugins\/simple-vertical-timeline\/img\/cd-icon-location.svg\" alt=\"Picture\">\n  <\/div> <!-- svt-cd-timeline-img -->\n  <div class=\"svt-cd-timeline-content\">\n    <h2 class=\"svt-cd-timeline-content-title\">Aparici\u00f3n del cine <span class=\"svt-share\"> <span class=\"lnr lnr-link svt-share-icon\"\/> <span class=\"svt-sharebox\"> <a href=\"#\" onclick=\"window.prompt('Copy this link:', 'https:\/\/empacho.net\/joelv\/?p=1158#Aparici%C3%B3n+del+cine')\" ><span class=\"svt-icon-external-link\"><\/span><\/a> <\/span><\/span><\/h2>\n    <p class=\"svt-cd-timeline-content-body\"> La primera presentaci\u00f3n de los hermanos Lumiere fue en Par\u00eds, y consisti\u00f3 en una serie de im\u00e1genes documentales. <\/p>\n    <p class=\"svt-cd-timeline-content-btm-more\"> <\/p>\n    <span class=\"svt-cd-date\">1895<\/span>\n  <\/div> <!-- svt-cd-timeline-content -->\n<\/div> <!-- svt-cd-timeline-block -->\n\n \n<div class=\"svt-cd-timeline-block\">\n  <a class=\"svt-cd-timeline-anchor\" name=\"Expresionismo\"><\/a>\n  <div class=\"svt-cd-timeline-img svt-cd-green\">\n    <img decoding=\"async\" src=\"https:\/\/empacho.net\/joelv\/wp-content\/plugins\/simple-vertical-timeline\/img\/cd-icon-location.svg\" alt=\"Picture\">\n  <\/div> <!-- svt-cd-timeline-img -->\n  <div class=\"svt-cd-timeline-content\">\n    <h2 class=\"svt-cd-timeline-content-title\">Expresionismo <span class=\"svt-share\"> <span class=\"lnr lnr-link svt-share-icon\"\/> <span class=\"svt-sharebox\"> <a href=\"#\" onclick=\"window.prompt('Copy this link:', 'https:\/\/empacho.net\/joelv\/?p=1158#Expresionismo')\" ><span class=\"svt-icon-external-link\"><\/span><\/a> <\/span><\/span><\/h2>\n    <p class=\"svt-cd-timeline-content-body\"> Sus obras tienen una gran fuerza psicol\u00f3gica y expresiva. Sus principales temas eran la melancol\u00eda, el pesimismo, la soledad y la miseria. Defend\u00edan la libertad individual, la primac\u00eda de la expresi\u00f3n subjetiva, el irracionalismo, el apasionamiento y los temas prohibidos. Pretend\u00edan reflejar en sus obras su mundo interior.\n\n<div id=\"attachment_2300\" style=\"width: 224px\" class=\"wp-caption aligncenter\"><a href=\"http:\/\/empacho.net\/joelv\/wp-content\/uploads\/2012\/11\/641px-Ernst_Ludwig_Kirchner_-_Fr\u00e4nzi_in_front_of_a_Carved_Chair.jpg\" data-rel=\"lightbox-image-1\" data-rl_title=\"\" data-rl_caption=\"\" title=\"\"><img loading=\"lazy\" decoding=\"async\" aria-describedby=\"caption-attachment-2300\" class=\"wp-image-2300 size-medium\" src=\"http:\/\/empacho.net\/joelv\/wp-content\/uploads\/2012\/11\/641px-Ernst_Ludwig_Kirchner_-_Fr\u00e4nzi_in_front_of_a_Carved_Chair-214x300.jpg\" alt=\"\" width=\"214\" height=\"300\" srcset=\"https:\/\/empacho.net\/joelv\/wp-content\/uploads\/2012\/11\/641px-Ernst_Ludwig_Kirchner_-_Fr\u00e4nzi_in_front_of_a_Carved_Chair-214x300.jpg 214w, https:\/\/empacho.net\/joelv\/wp-content\/uploads\/2012\/11\/641px-Ernst_Ludwig_Kirchner_-_Fr\u00e4nzi_in_front_of_a_Carved_Chair.jpg 641w\" sizes=\"(max-width: 214px) 100vw, 214px\" \/><\/a><p id=\"caption-attachment-2300\" class=\"wp-caption-text\">Fr\u00e4nzi ante una silla tallada (1910), de Ernst Ludwig Kirchner, Museo Thyssen-Bornemisza, Madrid.<\/p><\/div>\n\nDistorsiona las formas representadas, para acentuar las expresiones. Utilizaban im\u00e1genes angustiosas y desesperadas. Uso de colores fuertes y puros. Espacios disueltos sin perspectiva. Era com\u00fan el uso de la xilograf\u00eda.<\/p>\n    <p class=\"svt-cd-timeline-content-btm-more\"> <\/p>\n    <span class=\"svt-cd-date\">1901-1939<\/span>\n  <\/div> <!-- svt-cd-timeline-content -->\n<\/div> <!-- svt-cd-timeline-block --> \n<div class=\"svt-cd-timeline-block\">\n  <a class=\"svt-cd-timeline-anchor\" name=\"Fovismo\"><\/a>\n  <div class=\"svt-cd-timeline-img svt-cd-green\">\n    <img decoding=\"async\" src=\"https:\/\/empacho.net\/joelv\/wp-content\/plugins\/simple-vertical-timeline\/img\/cd-icon-location.svg\" alt=\"Picture\">\n  <\/div> <!-- svt-cd-timeline-img -->\n  <div class=\"svt-cd-timeline-content\">\n    <h2 class=\"svt-cd-timeline-content-title\">Fovismo <span class=\"svt-share\"> <span class=\"lnr lnr-link svt-share-icon\"\/> <span class=\"svt-sharebox\"> <a href=\"#\" onclick=\"window.prompt('Copy this link:', 'https:\/\/empacho.net\/joelv\/?p=1158#Fovismo')\" ><span class=\"svt-icon-external-link\"><\/span><\/a> <\/span><\/span><\/h2>\n    <p class=\"svt-cd-timeline-content-body\"> Consideraban actividad art\u00edstica como una consecuencia de un impulso vital. Intentan expresar sentimientos a trav\u00e9s de sus obras. Ten\u00edan una actitud rebelde y transgresora contra la pintura tradicional.\n\n<div id=\"attachment_2303\" style=\"width: 253px\" class=\"wp-caption aligncenter\"><a href=\"http:\/\/empacho.net\/joelv\/wp-content\/uploads\/2012\/11\/729px-Landscape_of_Provence_Alfred_Henry_Maurer.jpeg\" data-rel=\"lightbox-image-2\" data-rl_title=\"\" data-rl_caption=\"\" title=\"\"><img loading=\"lazy\" decoding=\"async\" aria-describedby=\"caption-attachment-2303\" class=\"wp-image-2303 size-medium\" src=\"http:\/\/empacho.net\/joelv\/wp-content\/uploads\/2012\/11\/729px-Landscape_of_Provence_Alfred_Henry_Maurer-243x300.jpeg\" alt=\"\" width=\"243\" height=\"300\" srcset=\"https:\/\/empacho.net\/joelv\/wp-content\/uploads\/2012\/11\/729px-Landscape_of_Provence_Alfred_Henry_Maurer-243x300.jpeg 243w, https:\/\/empacho.net\/joelv\/wp-content\/uploads\/2012\/11\/729px-Landscape_of_Provence_Alfred_Henry_Maurer.jpeg 729w\" sizes=\"(max-width: 243px) 100vw, 243px\" \/><\/a><p id=\"caption-attachment-2303\" class=\"wp-caption-text\">Paisaje: Provinza por Alfred Henry Maurer, c. 1912.1\u200b<\/p><\/div>\n\nUso provocativo y libre del color: colores chillantes y contrastes complementarios. Utilizaci\u00f3n subjetiva del color y las formas. Desinter\u00e9s por los acabados. Emplean toques r\u00e1pidos y vigorosos, trazos toscos y discontinuos.<\/p>\n    <p class=\"svt-cd-timeline-content-btm-more\"> <\/p>\n    <span class=\"svt-cd-date\">1905-1908<\/span>\n  <\/div> <!-- svt-cd-timeline-content -->\n<\/div> <!-- svt-cd-timeline-block -->\n\n \n<div class=\"svt-cd-timeline-block\">\n  <a class=\"svt-cd-timeline-anchor\" name=\"Primera+guerra+mundial\"><\/a>\n  <div class=\"svt-cd-timeline-img svt-cd-yellow\">\n    <img decoding=\"async\" src=\"https:\/\/empacho.net\/joelv\/wp-content\/plugins\/simple-vertical-timeline\/img\/cd-icon-location.svg\" alt=\"Picture\">\n  <\/div> <!-- svt-cd-timeline-img -->\n  <div class=\"svt-cd-timeline-content\">\n    <h2 class=\"svt-cd-timeline-content-title\">Primera guerra mundial <span class=\"svt-share\"> <span class=\"lnr lnr-link svt-share-icon\"\/> <span class=\"svt-sharebox\"> <a href=\"#\" onclick=\"window.prompt('Copy this link:', 'https:\/\/empacho.net\/joelv\/?p=1158#Primera+guerra+mundial')\" ><span class=\"svt-icon-external-link\"><\/span><\/a> <\/span><\/span><\/h2>\n    <p class=\"svt-cd-timeline-content-body\"> Confrontaci\u00f3n b\u00e9lica entre las potencias &nbsp;industriales y militares de Europa. <\/p>\n    <p class=\"svt-cd-timeline-content-btm-more\"> <\/p>\n    <span class=\"svt-cd-date\">1914-1918<\/span>\n  <\/div> <!-- svt-cd-timeline-content -->\n<\/div> <!-- svt-cd-timeline-block -->\n\n \n<div class=\"svt-cd-timeline-block\">\n  <a class=\"svt-cd-timeline-anchor\" name=\"Relatividad+General\"><\/a>\n  <div class=\"svt-cd-timeline-img svt-cd-yellow\">\n    <img decoding=\"async\" src=\"https:\/\/empacho.net\/joelv\/wp-content\/plugins\/simple-vertical-timeline\/img\/cd-icon-location.svg\" alt=\"Picture\">\n  <\/div> <!-- svt-cd-timeline-img -->\n  <div class=\"svt-cd-timeline-content\">\n    <h2 class=\"svt-cd-timeline-content-title\">Relatividad General <span class=\"svt-share\"> <span class=\"lnr lnr-link svt-share-icon\"\/> <span class=\"svt-sharebox\"> <a href=\"#\" onclick=\"window.prompt('Copy this link:', 'https:\/\/empacho.net\/joelv\/?p=1158#Relatividad+General')\" ><span class=\"svt-icon-external-link\"><\/span><\/a> <\/span><\/span><\/h2>\n    <p class=\"svt-cd-timeline-content-body\"> Einstein publica la teor\u00eda general de la relatividad en el campo gravitatorio&nbsp;y de los sistemas de referencia generales.<\/p>\n    <p class=\"svt-cd-timeline-content-btm-more\"> <\/p>\n    <span class=\"svt-cd-date\">1915<\/span>\n  <\/div> <!-- svt-cd-timeline-content -->\n<\/div> <!-- svt-cd-timeline-block -->\n\n \n<div class=\"svt-cd-timeline-block\">\n  <a class=\"svt-cd-timeline-anchor\" name=\"Dada%C3%ADsmo\"><\/a>\n  <div class=\"svt-cd-timeline-img svt-cd-green\">\n    <img decoding=\"async\" src=\"https:\/\/empacho.net\/joelv\/wp-content\/plugins\/simple-vertical-timeline\/img\/cd-icon-location.svg\" alt=\"Picture\">\n  <\/div> <!-- svt-cd-timeline-img -->\n  <div class=\"svt-cd-timeline-content\">\n    <h2 class=\"svt-cd-timeline-content-title\">Dada\u00edsmo <span class=\"svt-share\"> <span class=\"lnr lnr-link svt-share-icon\"\/> <span class=\"svt-sharebox\"> <a href=\"#\" onclick=\"window.prompt('Copy this link:', 'https:\/\/empacho.net\/joelv\/?p=1158#Dada%C3%ADsmo')\" ><span class=\"svt-icon-external-link\"><\/span><\/a> <\/span><\/span><\/h2>\n    <p class=\"svt-cd-timeline-content-body\"> Se posiciona contra del concepto de raz\u00f3n del Positivismo. Plantea olvidar la historia del arte y comenzar de nuevo. Se muestra en contra de las dem\u00e1s vanguardias art\u00edstica. Plantean la imposibilidad de una relaci\u00f3n entre el arte y la sociedad. Se rebelan ante las concepciones burguesas del arte.\n\n<div id=\"attachment_2312\" style=\"width: 240px\" class=\"wp-caption aligncenter\"><a href=\"http:\/\/empacho.net\/joelv\/wp-content\/uploads\/2012\/11\/690px-Marcel_Duchamp_1917_Fountain_photograph_by_Alfred_Stieglitz.jpg\" data-rel=\"lightbox-image-3\" data-rl_title=\"\" data-rl_caption=\"\" title=\"\"><img loading=\"lazy\" decoding=\"async\" aria-describedby=\"caption-attachment-2312\" class=\"wp-image-2312 size-medium\" src=\"http:\/\/empacho.net\/joelv\/wp-content\/uploads\/2012\/11\/690px-Marcel_Duchamp_1917_Fountain_photograph_by_Alfred_Stieglitz-230x300.jpg\" alt=\"\" width=\"230\" height=\"300\" srcset=\"https:\/\/empacho.net\/joelv\/wp-content\/uploads\/2012\/11\/690px-Marcel_Duchamp_1917_Fountain_photograph_by_Alfred_Stieglitz-230x300.jpg 230w, https:\/\/empacho.net\/joelv\/wp-content\/uploads\/2012\/11\/690px-Marcel_Duchamp_1917_Fountain_photograph_by_Alfred_Stieglitz.jpg 690w\" sizes=\"(max-width: 230px) 100vw, 230px\" \/><\/a><p id=\"caption-attachment-2312\" class=\"wp-caption-text\">Marcel Duchamp, Fountain, 1917; photograph by Alfred Stieglitz<\/p><\/div>\n\nUtilizan la superposici\u00f3n de planos en sus obras. Integran tipograf\u00edas en sus obras. Hacen uso del collage, el frottage, el fotomontaje y las rayograf\u00edas. Sus obras representan lo absurdo y lo irreal.<\/p>\n    <p class=\"svt-cd-timeline-content-btm-more\"> <\/p>\n    <span class=\"svt-cd-date\">1915-1920<\/span>\n  <\/div> <!-- svt-cd-timeline-content -->\n<\/div> <!-- svt-cd-timeline-block --> \n<div class=\"svt-cd-timeline-block\">\n  <a class=\"svt-cd-timeline-anchor\" name=\"Cubismo\"><\/a>\n  <div class=\"svt-cd-timeline-img svt-cd-green\">\n    <img decoding=\"async\" src=\"https:\/\/empacho.net\/joelv\/wp-content\/plugins\/simple-vertical-timeline\/img\/cd-icon-location.svg\" alt=\"Picture\">\n  <\/div> <!-- svt-cd-timeline-img -->\n  <div class=\"svt-cd-timeline-content\">\n    <h2 class=\"svt-cd-timeline-content-title\">Cubismo <span class=\"svt-share\"> <span class=\"lnr lnr-link svt-share-icon\"\/> <span class=\"svt-sharebox\"> <a href=\"#\" onclick=\"window.prompt('Copy this link:', 'https:\/\/empacho.net\/joelv\/?p=1158#Cubismo')\" ><span class=\"svt-icon-external-link\"><\/span><\/a> <\/span><\/span><\/h2>\n    <p class=\"svt-cd-timeline-content-body\">Representa una ruptura completa con la pintura tradicional. Abandona la perspectiva renacentista, e intenta representar todas las partes de un objeto en el mismo plano. Intentan pintar las cosas como se sabe que son, no como se las percibe. Dan tanta importancia al discurso escrito como a las obras pl\u00e1sticas.\n\n<div id=\"attachment_2295\" style=\"width: 246px\" class=\"wp-caption aligncenter\"><a href=\"http:\/\/empacho.net\/joelv\/wp-content\/uploads\/2012\/11\/Juan_Gris_-_Portrait_of_Pablo_Picasso_-_Google_Art_Project.jpg\" data-rel=\"lightbox-image-4\" data-rl_title=\"\" data-rl_caption=\"\" title=\"\"><img loading=\"lazy\" decoding=\"async\" aria-describedby=\"caption-attachment-2295\" class=\"wp-image-2295 size-medium\" src=\"http:\/\/empacho.net\/joelv\/wp-content\/uploads\/2012\/11\/Juan_Gris_-_Portrait_of_Pablo_Picasso_-_Google_Art_Project-236x300.jpg\" alt=\"\" width=\"236\" height=\"300\" srcset=\"https:\/\/empacho.net\/joelv\/wp-content\/uploads\/2012\/11\/Juan_Gris_-_Portrait_of_Pablo_Picasso_-_Google_Art_Project-236x300.jpg 236w, https:\/\/empacho.net\/joelv\/wp-content\/uploads\/2012\/11\/Juan_Gris_-_Portrait_of_Pablo_Picasso_-_Google_Art_Project.jpg 708w\" sizes=\"(max-width: 236px) 100vw, 236px\" \/><\/a><p id=\"caption-attachment-2295\" class=\"wp-caption-text\">Pablo Picasso, el iniciador del cubismo, retratado por Juan Gris, 1912, \u00f3leo sobre lienzo, 93,3 x 74,4 cm, Instituto de Arte de Chicago.<\/p><\/div>\n\nUtilizan tonos grises, verdes y marrones.&nbsp;Representan los planos de diferentes vistas del objeto.&nbsp;La composici\u00f3n es fragmentaria. La obra toma autonom\u00eda frente al objeto representado.&nbsp;Hicieron uso del collage.<\/p>\n    <p class=\"svt-cd-timeline-content-btm-more\"> <\/p>\n    <span class=\"svt-cd-date\">1907-1919<\/span>\n  <\/div> <!-- svt-cd-timeline-content -->\n<\/div> <!-- svt-cd-timeline-block --> \n<div class=\"svt-cd-timeline-block\">\n  <a class=\"svt-cd-timeline-anchor\" name=\"Futurismo\"><\/a>\n  <div class=\"svt-cd-timeline-img svt-cd-green\">\n    <img decoding=\"async\" src=\"https:\/\/empacho.net\/joelv\/wp-content\/plugins\/simple-vertical-timeline\/img\/cd-icon-location.svg\" alt=\"Picture\">\n  <\/div> <!-- svt-cd-timeline-img -->\n  <div class=\"svt-cd-timeline-content\">\n    <h2 class=\"svt-cd-timeline-content-title\">Futurismo <span class=\"svt-share\"> <span class=\"lnr lnr-link svt-share-icon\"\/> <span class=\"svt-sharebox\"> <a href=\"#\" onclick=\"window.prompt('Copy this link:', 'https:\/\/empacho.net\/joelv\/?p=1158#Futurismo')\" ><span class=\"svt-icon-external-link\"><\/span><\/a> <\/span><\/span><\/h2>\n    <p class=\"svt-cd-timeline-content-body\"> Rompen con la tradici\u00f3n y los convencionalismos de la historia del arte. Muestran una adoraci\u00f3n a las m\u00e1quinas y el progreso. Intentan retratar la realidad en movimiento. Exaltaci\u00f3n de lo sensual y lo nacional y guerrero. Se desarrolla principalmente en Italia.\n\n<div id=\"attachment_2298\" style=\"width: 310px\" class=\"wp-caption aligncenter\"><a href=\"http:\/\/empacho.net\/joelv\/wp-content\/uploads\/2012\/11\/dinamismos-de-un-ciclita-Umberto-Boccioni.jpg\" data-rel=\"lightbox-image-5\" data-rl_title=\"\" data-rl_caption=\"\" title=\"\"><img loading=\"lazy\" decoding=\"async\" aria-describedby=\"caption-attachment-2298\" class=\"wp-image-2298 size-medium\" src=\"http:\/\/empacho.net\/joelv\/wp-content\/uploads\/2012\/11\/dinamismos-de-un-ciclita-Umberto-Boccioni-300x217.jpg\" alt=\"\" width=\"300\" height=\"217\" srcset=\"https:\/\/empacho.net\/joelv\/wp-content\/uploads\/2012\/11\/dinamismos-de-un-ciclita-Umberto-Boccioni-300x217.jpg 300w, https:\/\/empacho.net\/joelv\/wp-content\/uploads\/2012\/11\/dinamismos-de-un-ciclita-Umberto-Boccioni-768x556.jpg 768w, https:\/\/empacho.net\/joelv\/wp-content\/uploads\/2012\/11\/dinamismos-de-un-ciclita-Umberto-Boccioni-1024x742.jpg 1024w, https:\/\/empacho.net\/joelv\/wp-content\/uploads\/2012\/11\/dinamismos-de-un-ciclita-Umberto-Boccioni-1080x782.jpg 1080w, https:\/\/empacho.net\/joelv\/wp-content\/uploads\/2012\/11\/dinamismos-de-un-ciclita-Umberto-Boccioni.jpg 1200w\" sizes=\"(max-width: 300px) 100vw, 300px\" \/><\/a><p id=\"caption-attachment-2298\" class=\"wp-caption-text\">Umberto Boccioni, Dinamismo de un ciclista, 1913, Museo Guggenheim de Venecia.<\/p><\/div>\n\nUtilizan planos de corte triangular para representar el movimiento. Predomina la utilizaci\u00f3n de colores puros. Principales colores: Rojo-Azul y Violeta-Amarillo. Representan objetos en movimiento, pintando varias posiciones de ellos simult\u00e1neamente. Utilizan formas geom\u00e9tricas.<\/p>\n    <p class=\"svt-cd-timeline-content-btm-more\"> <\/p>\n    <span class=\"svt-cd-date\">1909-1919<\/span>\n  <\/div> <!-- svt-cd-timeline-content -->\n<\/div> <!-- svt-cd-timeline-block --> \n<div class=\"svt-cd-timeline-block\">\n  <a class=\"svt-cd-timeline-anchor\" name=\"Suprematismo\"><\/a>\n  <div class=\"svt-cd-timeline-img svt-cd-green\">\n    <img decoding=\"async\" src=\"https:\/\/empacho.net\/joelv\/wp-content\/plugins\/simple-vertical-timeline\/img\/cd-icon-location.svg\" alt=\"Picture\">\n  <\/div> <!-- svt-cd-timeline-img -->\n  <div class=\"svt-cd-timeline-content\">\n    <h2 class=\"svt-cd-timeline-content-title\">Suprematismo <span class=\"svt-share\"> <span class=\"lnr lnr-link svt-share-icon\"\/> <span class=\"svt-sharebox\"> <a href=\"#\" onclick=\"window.prompt('Copy this link:', 'https:\/\/empacho.net\/joelv\/?p=1158#Suprematismo')\" ><span class=\"svt-icon-external-link\"><\/span><\/a> <\/span><\/span><\/h2>\n    <p class=\"svt-cd-timeline-content-body\"> Buscan un mundo de la no-representaci\u00f3n en sus obras. Crean im\u00e1genes densas y s\u00f3lidas, pr\u00e1cticamente inm\u00f3viles. Buscan la abstracci\u00f3n geom\u00e9trica y la expresi\u00f3n suprema del sentimiento.\n\n<div id=\"attachment_2307\" style=\"width: 310px\" class=\"wp-caption aligncenter\"><a href=\"http:\/\/empacho.net\/joelv\/wp-content\/uploads\/2012\/11\/Supremus_55_Malevich_1916.jpg\" data-rel=\"lightbox-image-6\" data-rl_title=\"\" data-rl_caption=\"\" title=\"\"><img loading=\"lazy\" decoding=\"async\" aria-describedby=\"caption-attachment-2307\" class=\"wp-image-2307 size-medium\" src=\"http:\/\/empacho.net\/joelv\/wp-content\/uploads\/2012\/11\/Supremus_55_Malevich_1916-300x300.jpg\" alt=\"\" width=\"300\" height=\"300\" srcset=\"https:\/\/empacho.net\/joelv\/wp-content\/uploads\/2012\/11\/Supremus_55_Malevich_1916-300x300.jpg 300w, https:\/\/empacho.net\/joelv\/wp-content\/uploads\/2012\/11\/Supremus_55_Malevich_1916-150x150.jpg 150w, https:\/\/empacho.net\/joelv\/wp-content\/uploads\/2012\/11\/Supremus_55_Malevich_1916-768x768.jpg 768w, https:\/\/empacho.net\/joelv\/wp-content\/uploads\/2012\/11\/Supremus_55_Malevich_1916-45x45.jpg 45w, https:\/\/empacho.net\/joelv\/wp-content\/uploads\/2012\/11\/Supremus_55_Malevich_1916.jpg 820w\" sizes=\"(max-width: 300px) 100vw, 300px\" \/><\/a><p id=\"caption-attachment-2307\" class=\"wp-caption-text\">Suprematism (Supremus No. 58), Krasnodar Museum of Art (Mal\u00e9vich, 1916)<\/p><\/div>\n\nUso de formas geom\u00e9tricas b\u00e1sicas (c\u00edrculo, cuadro y tri\u00e1ngulo). Uso de Azules, rojos y verdes para las figuras, y blancos, negros y grises para los fondos.<\/p>\n    <p class=\"svt-cd-timeline-content-btm-more\"> <\/p>\n    <span class=\"svt-cd-date\">1915-1923<\/span>\n  <\/div> <!-- svt-cd-timeline-content -->\n<\/div> <!-- svt-cd-timeline-block -->\n\n \n<div class=\"svt-cd-timeline-block\">\n  <a class=\"svt-cd-timeline-anchor\" name=\"Revoluci%C3%B3n+rusa\"><\/a>\n  <div class=\"svt-cd-timeline-img svt-cd-yellow\">\n    <img decoding=\"async\" src=\"https:\/\/empacho.net\/joelv\/wp-content\/plugins\/simple-vertical-timeline\/img\/cd-icon-location.svg\" alt=\"Picture\">\n  <\/div> <!-- svt-cd-timeline-img -->\n  <div class=\"svt-cd-timeline-content\">\n    <h2 class=\"svt-cd-timeline-content-title\">Revoluci\u00f3n rusa <span class=\"svt-share\"> <span class=\"lnr lnr-link svt-share-icon\"\/> <span class=\"svt-sharebox\"> <a href=\"#\" onclick=\"window.prompt('Copy this link:', 'https:\/\/empacho.net\/joelv\/?p=1158#Revoluci%C3%B3n+rusa')\" ><span class=\"svt-icon-external-link\"><\/span><\/a> <\/span><\/span><\/h2>\n    <p class=\"svt-cd-timeline-content-body\"> <\/p>\n    <p class=\"svt-cd-timeline-content-btm-more\"> <\/p>\n    <span class=\"svt-cd-date\">1917<\/span>\n  <\/div> <!-- svt-cd-timeline-content -->\n<\/div> <!-- svt-cd-timeline-block -->\n\n \n<div class=\"svt-cd-timeline-block\">\n  <a class=\"svt-cd-timeline-anchor\" name=\"Constructivismo\"><\/a>\n  <div class=\"svt-cd-timeline-img svt-cd-green\">\n    <img decoding=\"async\" src=\"https:\/\/empacho.net\/joelv\/wp-content\/plugins\/simple-vertical-timeline\/img\/cd-icon-location.svg\" alt=\"Picture\">\n  <\/div> <!-- svt-cd-timeline-img -->\n  <div class=\"svt-cd-timeline-content\">\n    <h2 class=\"svt-cd-timeline-content-title\">Constructivismo <span class=\"svt-share\"> <span class=\"lnr lnr-link svt-share-icon\"\/> <span class=\"svt-sharebox\"> <a href=\"#\" onclick=\"window.prompt('Copy this link:', 'https:\/\/empacho.net\/joelv\/?p=1158#Constructivismo')\" ><span class=\"svt-icon-external-link\"><\/span><\/a> <\/span><\/span><\/h2>\n    <p class=\"svt-cd-timeline-content-body\"> Buscan recuperar el arte para el pueblo en los espacios p\u00fablicos. Expresan el discurso pol\u00edtico bolchevique, principalmente. Tienen una admiraci\u00f3n por las m\u00e1quinas y el progreso tecnol\u00f3gico. Hacen propagando bolchevique a trav\u00e9s de carteles.\n\n<div id=\"attachment_2308\" style=\"width: 234px\" class=\"wp-caption aligncenter\"><a href=\"http:\/\/empacho.net\/joelv\/wp-content\/uploads\/2012\/11\/673px-Tatlins_Tower_maket_1919_year.jpg\" data-rel=\"lightbox-image-7\" data-rl_title=\"\" data-rl_caption=\"\" title=\"\"><img loading=\"lazy\" decoding=\"async\" aria-describedby=\"caption-attachment-2308\" class=\"wp-image-2308 size-medium\" src=\"http:\/\/empacho.net\/joelv\/wp-content\/uploads\/2012\/11\/673px-Tatlins_Tower_maket_1919_year-224x300.jpg\" alt=\"\" width=\"224\" height=\"300\" srcset=\"https:\/\/empacho.net\/joelv\/wp-content\/uploads\/2012\/11\/673px-Tatlins_Tower_maket_1919_year-224x300.jpg 224w, https:\/\/empacho.net\/joelv\/wp-content\/uploads\/2012\/11\/673px-Tatlins_Tower_maket_1919_year.jpg 673w\" sizes=\"(max-width: 224px) 100vw, 224px\" \/><\/a><p id=\"caption-attachment-2308\" class=\"wp-caption-text\">Maqueta de la Torre Tatlin, 1919<\/p><\/div>\n\nUso de planos para hallar la pureza de las formas. Se recupera el fondo sobre la figura, para denotar el espacio. Uso de colores puros y planos geom\u00e9tricos. Introducci\u00f3n de tipograf\u00edas en sus obras. En la escultura consideran tanto el interior como el exterior.<\/p>\n    <p class=\"svt-cd-timeline-content-btm-more\"> <\/p>\n    <span class=\"svt-cd-date\">1917-1930<\/span>\n  <\/div> <!-- svt-cd-timeline-content -->\n<\/div> <!-- svt-cd-timeline-block --> \n<div class=\"svt-cd-timeline-block\">\n  <a class=\"svt-cd-timeline-anchor\" name=\"Surrealismo\"><\/a>\n  <div class=\"svt-cd-timeline-img svt-cd-green\">\n    <img decoding=\"async\" src=\"https:\/\/empacho.net\/joelv\/wp-content\/plugins\/simple-vertical-timeline\/img\/cd-icon-location.svg\" alt=\"Picture\">\n  <\/div> <!-- svt-cd-timeline-img -->\n  <div class=\"svt-cd-timeline-content\">\n    <h2 class=\"svt-cd-timeline-content-title\">Surrealismo <span class=\"svt-share\"> <span class=\"lnr lnr-link svt-share-icon\"\/> <span class=\"svt-sharebox\"> <a href=\"#\" onclick=\"window.prompt('Copy this link:', 'https:\/\/empacho.net\/joelv\/?p=1158#Surrealismo')\" ><span class=\"svt-icon-external-link\"><\/span><\/a> <\/span><\/span><\/h2>\n    <p class=\"svt-cd-timeline-content-body\"> Intentaba liberar a la obra art\u00edstica de cualquier regla moral o est\u00e9tica proveniente de la conciencia. Buscan la representaci\u00f3n del mundo interno a trav\u00e9s de la exploraci\u00f3n del subconsciente y el sue\u00f1o.\n\n<div id=\"attachment_2310\" style=\"width: 271px\" class=\"wp-caption aligncenter\"><a href=\"http:\/\/empacho.net\/joelv\/wp-content\/uploads\/2012\/11\/The_Elephant_Celebes.jpg\" data-rel=\"lightbox-image-8\" data-rl_title=\"\" data-rl_caption=\"\" title=\"\"><img loading=\"lazy\" decoding=\"async\" aria-describedby=\"caption-attachment-2310\" class=\"wp-image-2310 size-medium\" src=\"http:\/\/empacho.net\/joelv\/wp-content\/uploads\/2012\/11\/The_Elephant_Celebes-261x300.jpg\" alt=\"\" width=\"261\" height=\"300\" srcset=\"https:\/\/empacho.net\/joelv\/wp-content\/uploads\/2012\/11\/The_Elephant_Celebes-261x300.jpg 261w, https:\/\/empacho.net\/joelv\/wp-content\/uploads\/2012\/11\/The_Elephant_Celebes.jpg 609w\" sizes=\"(max-width: 261px) 100vw, 261px\" \/><\/a><p id=\"caption-attachment-2310\" class=\"wp-caption-text\">Max Ernst, The Elephant Celebes, 1921, Tate London<\/p><\/div>\n\nPintura metaf\u00edsica: representaci\u00f3n realista de objetos inconexos en un entorno ajeno a ellos. Bioformas: formas blandas que evocan partes animales o humanas. Utilizaban t\u00e9cnicas que dejaban mucho espacio al azar, como el collage, el fumage, el fotomontaje, el dibujo autom\u00e1tico, el frottage, la decalcoman\u00eda, y la rayograf\u00eda.<\/p>\n    <p class=\"svt-cd-timeline-content-btm-more\"> <\/p>\n    <span class=\"svt-cd-date\">1920-1938<\/span>\n  <\/div> <!-- svt-cd-timeline-content -->\n<\/div> <!-- svt-cd-timeline-block --> \n<div class=\"svt-cd-timeline-block\">\n  <a class=\"svt-cd-timeline-anchor\" name=\"Expresionismo+Abstracto\"><\/a>\n  <div class=\"svt-cd-timeline-img svt-cd-green\">\n    <img decoding=\"async\" src=\"https:\/\/empacho.net\/joelv\/wp-content\/plugins\/simple-vertical-timeline\/img\/cd-icon-location.svg\" alt=\"Picture\">\n  <\/div> <!-- svt-cd-timeline-img -->\n  <div class=\"svt-cd-timeline-content\">\n    <h2 class=\"svt-cd-timeline-content-title\">Expresionismo Abstracto <span class=\"svt-share\"> <span class=\"lnr lnr-link svt-share-icon\"\/> <span class=\"svt-sharebox\"> <a href=\"#\" onclick=\"window.prompt('Copy this link:', 'https:\/\/empacho.net\/joelv\/?p=1158#Expresionismo+Abstracto')\" ><span class=\"svt-icon-external-link\"><\/span><\/a> <\/span><\/span><\/h2>\n    <p class=\"svt-cd-timeline-content-body\"> Intenta apartarse de cualquier tendencia pol\u00edtica. Pintar es un gesto espontaneo que plasma el estado f\u00edsico y ps\u00edquico del pintor. Sus cuadros reflejan la angustia y los conflictos de su \u00e9poca.\n\n<div id=\"attachment_2348\" style=\"width: 194px\" class=\"wp-caption aligncenter\"><a href=\"http:\/\/empacho.net\/joelv\/wp-content\/uploads\/2018\/07\/No-5-1948-by-Jackson-Pollock.jpg\" data-rel=\"lightbox-image-9\" data-rl_title=\"\" data-rl_caption=\"\" title=\"\"><img loading=\"lazy\" decoding=\"async\" aria-describedby=\"caption-attachment-2348\" class=\"wp-image-2348 size-medium\" src=\"http:\/\/empacho.net\/joelv\/wp-content\/uploads\/2018\/07\/No-5-1948-by-Jackson-Pollock-184x300.jpg\" alt=\"\" width=\"184\" height=\"300\" srcset=\"https:\/\/empacho.net\/joelv\/wp-content\/uploads\/2018\/07\/No-5-1948-by-Jackson-Pollock-184x300.jpg 184w, https:\/\/empacho.net\/joelv\/wp-content\/uploads\/2018\/07\/No-5-1948-by-Jackson-Pollock.jpg 552w\" sizes=\"(max-width: 184px) 100vw, 184px\" \/><\/a><p id=\"caption-attachment-2348\" class=\"wp-caption-text\">Jackson Pollock, No. 5, 1948, oil on fiberboard, 244 \u00d7 122 cm (96 \u00d7 48 in)<\/p><\/div>\n\nEn sus cuadros no hay jerarqu\u00eda entre las diversas partes de la tela. Uso de pocos colores: blanco, negro, cian, magenta y amarillo. Eliminan la figuraci\u00f3n dentro de las obras. Trazos violentos de color en soportes de gran formato.<\/p>\n    <p class=\"svt-cd-timeline-content-btm-more\"> <\/p>\n    <span class=\"svt-cd-date\">1940-1980<\/span>\n  <\/div> <!-- svt-cd-timeline-content -->\n<\/div> <!-- svt-cd-timeline-block --> \n<div class=\"svt-cd-timeline-block\">\n  <a class=\"svt-cd-timeline-anchor\" name=\"Grupo+CoBrA\"><\/a>\n  <div class=\"svt-cd-timeline-img svt-cd-green\">\n    <img decoding=\"async\" src=\"https:\/\/empacho.net\/joelv\/wp-content\/plugins\/simple-vertical-timeline\/img\/cd-icon-location.svg\" alt=\"Picture\">\n  <\/div> <!-- svt-cd-timeline-img -->\n  <div class=\"svt-cd-timeline-content\">\n    <h2 class=\"svt-cd-timeline-content-title\">Grupo CoBrA <span class=\"svt-share\"> <span class=\"lnr lnr-link svt-share-icon\"\/> <span class=\"svt-sharebox\"> <a href=\"#\" onclick=\"window.prompt('Copy this link:', 'https:\/\/empacho.net\/joelv\/?p=1158#Grupo+CoBrA')\" ><span class=\"svt-icon-external-link\"><\/span><\/a> <\/span><\/span><\/h2>\n    <p class=\"svt-cd-timeline-content-body\"> Reaccionan ante la rigidez de la abstracci\u00f3n geom\u00e9trica. Prefieren la espontaneidad y rechazan las teor\u00edas preestablecidas. Trabajan conjuntamente poetas, m\u00fasicos y pintores.\n\n<div id=\"attachment_2322\" style=\"width: 240px\" class=\"wp-caption aligncenter\"><a href=\"http:\/\/empacho.net\/joelv\/wp-content\/uploads\/2012\/11\/Saut_dans_l-espace_1953_-_Karel_Appe.jpg\" data-rel=\"lightbox-image-10\" data-rl_title=\"\" data-rl_caption=\"\" title=\"\"><img loading=\"lazy\" decoding=\"async\" aria-describedby=\"caption-attachment-2322\" class=\"wp-image-2322 size-medium\" src=\"http:\/\/empacho.net\/joelv\/wp-content\/uploads\/2012\/11\/Saut_dans_l-espace_1953_-_Karel_Appe-230x300.jpg\" alt=\"\" width=\"230\" height=\"300\" srcset=\"https:\/\/empacho.net\/joelv\/wp-content\/uploads\/2012\/11\/Saut_dans_l-espace_1953_-_Karel_Appe-230x300.jpg 230w, https:\/\/empacho.net\/joelv\/wp-content\/uploads\/2012\/11\/Saut_dans_l-espace_1953_-_Karel_Appe.jpg 691w\" sizes=\"(max-width: 230px) 100vw, 230px\" \/><\/a><p id=\"caption-attachment-2322\" class=\"wp-caption-text\">Saut dans l&#8217;espace (1953) &#8211; Karel Appel (1921-2006)<\/p><\/div>\n\nBuscan un arte libre y original a trav\u00e9s de formas primitivas e ingenuas, inspiradas en las que hacen los ni\u00f1os o los enfermos mentales. Realizan intervenciones en pinturas ya hechas. Sus obras tienen un gran colorido.<\/p>\n    <p class=\"svt-cd-timeline-content-btm-more\"> <\/p>\n    <span class=\"svt-cd-date\">1948-1951<\/span>\n  <\/div> <!-- svt-cd-timeline-content -->\n<\/div> <!-- svt-cd-timeline-block --> \n<div class=\"svt-cd-timeline-block\">\n  <a class=\"svt-cd-timeline-anchor\" name=\"Pop+art\"><\/a>\n  <div class=\"svt-cd-timeline-img svt-cd-green\">\n    <img decoding=\"async\" src=\"https:\/\/empacho.net\/joelv\/wp-content\/plugins\/simple-vertical-timeline\/img\/cd-icon-location.svg\" alt=\"Picture\">\n  <\/div> <!-- svt-cd-timeline-img -->\n  <div class=\"svt-cd-timeline-content\">\n    <h2 class=\"svt-cd-timeline-content-title\">Pop art <span class=\"svt-share\"> <span class=\"lnr lnr-link svt-share-icon\"\/> <span class=\"svt-sharebox\"> <a href=\"#\" onclick=\"window.prompt('Copy this link:', 'https:\/\/empacho.net\/joelv\/?p=1158#Pop+art')\" ><span class=\"svt-icon-external-link\"><\/span><\/a> <\/span><\/span><\/h2>\n    <p class=\"svt-cd-timeline-content-body\"> Se opone a la cultura elitista de las bellas artes. Se vale de la iron\u00eda y la parodia. Es un en cierta manera una cr\u00edtica al \u201cestilo de vida americano\u201d.\n\n<div id=\"attachment_2349\" style=\"width: 292px\" class=\"wp-caption aligncenter\"><a href=\"http:\/\/empacho.net\/joelv\/wp-content\/uploads\/2018\/07\/richard_hamilton-Just_What_Is_It_That_Makes_Today-s_Homes_So_Different_So_Appealing.jpg\" data-rel=\"lightbox-image-11\" data-rl_title=\"\" data-rl_caption=\"\" title=\"\"><img loading=\"lazy\" decoding=\"async\" aria-describedby=\"caption-attachment-2349\" class=\"wp-image-2349 size-medium\" src=\"http:\/\/empacho.net\/joelv\/wp-content\/uploads\/2018\/07\/richard_hamilton-Just_What_Is_It_That_Makes_Today-s_Homes_So_Different_So_Appealing-282x300.jpg\" alt=\"\" width=\"282\" height=\"300\" srcset=\"https:\/\/empacho.net\/joelv\/wp-content\/uploads\/2018\/07\/richard_hamilton-Just_What_Is_It_That_Makes_Today-s_Homes_So_Different_So_Appealing-282x300.jpg 282w, https:\/\/empacho.net\/joelv\/wp-content\/uploads\/2018\/07\/richard_hamilton-Just_What_Is_It_That_Makes_Today-s_Homes_So_Different_So_Appealing-768x818.jpg 768w, https:\/\/empacho.net\/joelv\/wp-content\/uploads\/2018\/07\/richard_hamilton-Just_What_Is_It_That_Makes_Today-s_Homes_So_Different_So_Appealing.jpg 845w\" sizes=\"(max-width: 282px) 100vw, 282px\" \/><\/a><p id=\"caption-attachment-2349\" class=\"wp-caption-text\">Richard Hamilton&#8217;s collage Just what is it that makes today&#8217;s homes so different, so appealing? (1956)<\/p><\/div>\n\nUtiliza im\u00e1genes de la cultura popular, y las recontextualiza y redefine, para mostrar el aspecto banal o kitsch del objeto o personaje. Utiliza t\u00e9cnicas de reproducci\u00f3n como la serigraf\u00eda, la fotograf\u00eda y el video. Utiliza colores muy saturados y l\u00edneas bien definidas. Suele incluir elementos tipo \u201ccomic\u201d.<\/p>\n    <p class=\"svt-cd-timeline-content-btm-more\"> <\/p>\n    <span class=\"svt-cd-date\">1950-1980<\/span>\n  <\/div> <!-- svt-cd-timeline-content -->\n<\/div> <!-- svt-cd-timeline-block --> \n<div class=\"svt-cd-timeline-block\">\n  <a class=\"svt-cd-timeline-anchor\" name=\"Video+Arte\"><\/a>\n  <div class=\"svt-cd-timeline-img svt-cd-green\">\n    <img decoding=\"async\" src=\"https:\/\/empacho.net\/joelv\/wp-content\/plugins\/simple-vertical-timeline\/img\/cd-icon-location.svg\" alt=\"Picture\">\n  <\/div> <!-- svt-cd-timeline-img -->\n  <div class=\"svt-cd-timeline-content\">\n    <h2 class=\"svt-cd-timeline-content-title\">Video Arte <span class=\"svt-share\"> <span class=\"lnr lnr-link svt-share-icon\"\/> <span class=\"svt-sharebox\"> <a href=\"#\" onclick=\"window.prompt('Copy this link:', 'https:\/\/empacho.net\/joelv\/?p=1158#Video+Arte')\" ><span class=\"svt-icon-external-link\"><\/span><\/a> <\/span><\/span><\/h2>\n    <p class=\"svt-cd-timeline-content-body\"> Pretende explorar las aplicaciones alternativas y art\u00edsticas de los medios de comunicaci\u00f3n masiva, como la televisi\u00f3n.\n\n<div id=\"attachment_2317\" style=\"width: 310px\" class=\"wp-caption aligncenter\"><a href=\"http:\/\/empacho.net\/joelv\/wp-content\/uploads\/2012\/11\/Joan_Jonas_Vertical_Roll.jpg\" data-rel=\"lightbox-image-12\" data-rl_title=\"\" data-rl_caption=\"\" title=\"\"><img loading=\"lazy\" decoding=\"async\" aria-describedby=\"caption-attachment-2317\" class=\"wp-image-2317 size-medium\" src=\"http:\/\/empacho.net\/joelv\/wp-content\/uploads\/2012\/11\/Joan_Jonas_Vertical_Roll-300x222.jpg\" alt=\"\" width=\"300\" height=\"222\" srcset=\"https:\/\/empacho.net\/joelv\/wp-content\/uploads\/2012\/11\/Joan_Jonas_Vertical_Roll-300x222.jpg 300w, https:\/\/empacho.net\/joelv\/wp-content\/uploads\/2012\/11\/Joan_Jonas_Vertical_Roll.jpg 634w\" sizes=\"(max-width: 300px) 100vw, 300px\" \/><\/a><p id=\"caption-attachment-2317\" class=\"wp-caption-text\">A still from Jonas&#8217; 1972 video<\/p><\/div>\n\nPuede carecer de actores, di\u00e1logos, narrativa o gui\u00f3n. Intenta crear nuevas narrativas y nuevas formas de visualizar.<\/p>\n    <p class=\"svt-cd-timeline-content-btm-more\"> <\/p>\n    <span class=\"svt-cd-date\">1960-1980<\/span>\n  <\/div> <!-- svt-cd-timeline-content -->\n<\/div> <!-- svt-cd-timeline-block --> \n<div class=\"svt-cd-timeline-block\">\n  <a class=\"svt-cd-timeline-anchor\" name=\"Arte+Conceptual\"><\/a>\n  <div class=\"svt-cd-timeline-img svt-cd-green\">\n    <img decoding=\"async\" src=\"https:\/\/empacho.net\/joelv\/wp-content\/plugins\/simple-vertical-timeline\/img\/cd-icon-location.svg\" alt=\"Picture\">\n  <\/div> <!-- svt-cd-timeline-img -->\n  <div class=\"svt-cd-timeline-content\">\n    <h2 class=\"svt-cd-timeline-content-title\">Arte Conceptual <span class=\"svt-share\"> <span class=\"lnr lnr-link svt-share-icon\"\/> <span class=\"svt-sharebox\"> <a href=\"#\" onclick=\"window.prompt('Copy this link:', 'https:\/\/empacho.net\/joelv\/?p=1158#Arte+Conceptual')\" ><span class=\"svt-icon-external-link\"><\/span><\/a> <\/span><\/span><\/h2>\n    <p class=\"svt-cd-timeline-content-body\"> El concepto de la obra est\u00e1 sobre el sobre el objeto creado. Consideran que el arte tiene implicaciones \u00e9ticas y sociales.\n\n<div id=\"attachment_2318\" style=\"width: 310px\" class=\"wp-caption aligncenter\"><a href=\"http:\/\/empacho.net\/joelv\/wp-content\/uploads\/2012\/11\/1200px-Joseph_Kosuth-_Titled_Art_ad_Idea_as_Idea_The_Word__Definition__1966-68_8476638687.jpg\" data-rel=\"lightbox-image-13\" data-rl_title=\"\" data-rl_caption=\"\" title=\"\"><img loading=\"lazy\" decoding=\"async\" aria-describedby=\"caption-attachment-2318\" class=\"wp-image-2318 size-medium\" src=\"http:\/\/empacho.net\/joelv\/wp-content\/uploads\/2012\/11\/1200px-Joseph_Kosuth-_Titled_Art_ad_Idea_as_Idea_The_Word__Definition__1966-68_8476638687-300x225.jpg\" alt=\"\" width=\"300\" height=\"225\" srcset=\"https:\/\/empacho.net\/joelv\/wp-content\/uploads\/2012\/11\/1200px-Joseph_Kosuth-_Titled_Art_ad_Idea_as_Idea_The_Word__Definition__1966-68_8476638687-300x225.jpg 300w, https:\/\/empacho.net\/joelv\/wp-content\/uploads\/2012\/11\/1200px-Joseph_Kosuth-_Titled_Art_ad_Idea_as_Idea_The_Word__Definition__1966-68_8476638687-768x576.jpg 768w, https:\/\/empacho.net\/joelv\/wp-content\/uploads\/2012\/11\/1200px-Joseph_Kosuth-_Titled_Art_ad_Idea_as_Idea_The_Word__Definition__1966-68_8476638687-1024x768.jpg 1024w, https:\/\/empacho.net\/joelv\/wp-content\/uploads\/2012\/11\/1200px-Joseph_Kosuth-_Titled_Art_ad_Idea_as_Idea_The_Word__Definition__1966-68_8476638687-510x382.jpg 510w, https:\/\/empacho.net\/joelv\/wp-content\/uploads\/2012\/11\/1200px-Joseph_Kosuth-_Titled_Art_ad_Idea_as_Idea_The_Word__Definition__1966-68_8476638687-1080x810.jpg 1080w, https:\/\/empacho.net\/joelv\/wp-content\/uploads\/2012\/11\/1200px-Joseph_Kosuth-_Titled_Art_ad_Idea_as_Idea_The_Word__Definition__1966-68_8476638687.jpg 1200w\" sizes=\"(max-width: 300px) 100vw, 300px\" \/><\/a><p id=\"caption-attachment-2318\" class=\"wp-caption-text\">Joseph Kosuth, Art as Idea as Idea, 1966-68<\/p><\/div>\n\nReady-made: utilizaci\u00f3n de objetos ya existentes para expresar la idea. Utilizan fotograf\u00edas, mapas y videos. Performance. Instalaciones. Action painting.<\/p>\n    <p class=\"svt-cd-timeline-content-btm-more\"> <\/p>\n    <span class=\"svt-cd-date\">1960<\/span>\n  <\/div> <!-- svt-cd-timeline-content -->\n<\/div> <!-- svt-cd-timeline-block --> \n<div class=\"svt-cd-timeline-block\">\n  <a class=\"svt-cd-timeline-anchor\" name=\"Grafitti\"><\/a>\n  <div class=\"svt-cd-timeline-img svt-cd-green\">\n    <img decoding=\"async\" src=\"https:\/\/empacho.net\/joelv\/wp-content\/plugins\/simple-vertical-timeline\/img\/cd-icon-location.svg\" alt=\"Picture\">\n  <\/div> <!-- svt-cd-timeline-img -->\n  <div class=\"svt-cd-timeline-content\">\n    <h2 class=\"svt-cd-timeline-content-title\">Grafitti <span class=\"svt-share\"> <span class=\"lnr lnr-link svt-share-icon\"\/> <span class=\"svt-sharebox\"> <a href=\"#\" onclick=\"window.prompt('Copy this link:', 'https:\/\/empacho.net\/joelv\/?p=1158#Grafitti')\" ><span class=\"svt-icon-external-link\"><\/span><\/a> <\/span><\/span><\/h2>\n    <p class=\"svt-cd-timeline-content-body\"> Surge en las zonas marginadas de Nueva York. Originalmente forma parte de la cultura Hip-hop. Surge como una expresi\u00f3n individual y de grupo. Ocupa el espacio p\u00fablico La acci\u00f3n misma ya es un mensaje.\n\n<div id=\"attachment_2319\" style=\"width: 189px\" class=\"wp-caption aligncenter\"><a href=\"http:\/\/empacho.net\/joelv\/wp-content\/uploads\/2012\/11\/Graffiti_2003_ubt.jpg\" data-rel=\"lightbox-image-14\" data-rl_title=\"\" data-rl_caption=\"\" title=\"\"><img loading=\"lazy\" decoding=\"async\" aria-describedby=\"caption-attachment-2319\" class=\"wp-image-2319 size-medium\" src=\"http:\/\/empacho.net\/joelv\/wp-content\/uploads\/2012\/11\/Graffiti_2003_ubt-179x300.jpg\" alt=\"\" width=\"179\" height=\"300\" srcset=\"https:\/\/empacho.net\/joelv\/wp-content\/uploads\/2012\/11\/Graffiti_2003_ubt-179x300.jpg 179w, https:\/\/empacho.net\/joelv\/wp-content\/uploads\/2012\/11\/Graffiti_2003_ubt.jpg 330w\" sizes=\"(max-width: 179px) 100vw, 179px\" \/><\/a><p id=\"caption-attachment-2319\" class=\"wp-caption-text\">Grafiti en Aalborg (Dinamarca), 2003. Foto: Tomasz Sienicki<\/p><\/div>\n\nUtilizaci\u00f3n de tipograf\u00edas estilizadas. Pintura en aerosol. Utilizan el espacio p\u00fablico como soporte de sus obras. Formas en 2D y 3D. En ocasiones las tipograf\u00edas van acompa\u00f1adas de ilustraciones.<\/p>\n    <p class=\"svt-cd-timeline-content-btm-more\"> <\/p>\n    <span class=\"svt-cd-date\">1970<\/span>\n  <\/div> <!-- svt-cd-timeline-content -->\n<\/div> <!-- svt-cd-timeline-block --> \n<div class=\"svt-cd-timeline-block\">\n  <a class=\"svt-cd-timeline-anchor\" name=\"Street+Art\"><\/a>\n  <div class=\"svt-cd-timeline-img svt-cd-green\">\n    <img decoding=\"async\" src=\"https:\/\/empacho.net\/joelv\/wp-content\/plugins\/simple-vertical-timeline\/img\/cd-icon-location.svg\" alt=\"Picture\">\n  <\/div> <!-- svt-cd-timeline-img -->\n  <div class=\"svt-cd-timeline-content\">\n    <h2 class=\"svt-cd-timeline-content-title\">Street Art <span class=\"svt-share\"> <span class=\"lnr lnr-link svt-share-icon\"\/> <span class=\"svt-sharebox\"> <a href=\"#\" onclick=\"window.prompt('Copy this link:', 'https:\/\/empacho.net\/joelv\/?p=1158#Street+Art')\" ><span class=\"svt-icon-external-link\"><\/span><\/a> <\/span><\/span><\/h2>\n    <p class=\"svt-cd-timeline-content-body\"> Cuestionan el entorno urbano mediante un lenguaje gr\u00e1fico caracter\u00edstico. Desaf\u00edan el concepto de arte al tomar como soporte para sus obras los espacios p\u00fablicos urbanos. Buscan que el p\u00fablico sea consciente del entorno que los rodea. Algunos buscan la cr\u00edtica social mediante im\u00e1genes llenas de s\u00e1tira o iron\u00eda.\n\n<div id=\"attachment_2320\" style=\"width: 237px\" class=\"wp-caption aligncenter\"><a href=\"http:\/\/empacho.net\/joelv\/wp-content\/uploads\/2012\/11\/Banksy.bomb_.jpg\" data-rel=\"lightbox-image-15\" data-rl_title=\"\" data-rl_caption=\"\" title=\"\"><img loading=\"lazy\" decoding=\"async\" aria-describedby=\"caption-attachment-2320\" class=\"wp-image-2320 size-medium\" src=\"http:\/\/empacho.net\/joelv\/wp-content\/uploads\/2012\/11\/Banksy.bomb_-227x300.jpg\" alt=\"\" width=\"227\" height=\"300\" srcset=\"https:\/\/empacho.net\/joelv\/wp-content\/uploads\/2012\/11\/Banksy.bomb_-227x300.jpg 227w, https:\/\/empacho.net\/joelv\/wp-content\/uploads\/2012\/11\/Banksy.bomb_.jpg 600w\" sizes=\"(max-width: 227px) 100vw, 227px\" \/><\/a><p id=\"caption-attachment-2320\" class=\"wp-caption-text\">Stencil art by Banksy on Brick Lane, London (2004).<\/p><\/div>\n\nIntervienen los espacios p\u00fablicos mediante esculturas, pinturas de est\u00e9ncil, stickers, posters, e instalaciones. Utilizan s\u00edmbolos e \u00edconos medi\u00e1ticos. Tambi\u00e9n realizan videos sobre sus intervenciones p\u00fablicas.<\/p>\n    <p class=\"svt-cd-timeline-content-btm-more\"> <\/p>\n    <span class=\"svt-cd-date\">1990<\/span>\n  <\/div> <!-- svt-cd-timeline-content -->\n<\/div> <!-- svt-cd-timeline-block --><\/div> <!-- cd-timeline --> <div style='color: #000; font-family: arial,sans-serif; text-align: right; font-size: 77%;'>powered by <a href=\"http:\/\/www.staniscia.net\/simple-vertical-timeline\/\" target=\"_blank\" >SimpleVerticalTimeline<\/a><\/div><\/dev>[\/et_pb_text][\/et_pb_column][\/et_pb_row][\/et_pb_section]\n","protected":false},"excerpt":{"rendered":"<p><div class=\"et_pb_section et_pb_section_0 et_section_regular\" >\n\t\t\t\t\n\t\t\t\t\n\t\t\t\t\n\t\t\t\t\n\t\t\t\t\n\t\t\t\t\n\t\t\t\t\n\t\t\t\t\n\t\t\t\t\n\t\t\t<\/div><div class=\"et_pb_row et_pb_row_0 et_pb_row_empty\">\n\t\t\t\t\n\t\t\t\t\n\t\t\t\t\n\t\t\t\t\n\t\t\t\t\n\t\t\t<\/div><div class=\"et_pb_module et_pb_text et_pb_text_0  et_pb_text_align_left et_pb_bg_layout_light\">\n\t\t\t\t\n\t\t\t\t\n\t\t\t\t\n\t\t\t\t\n\t\t\t\t\n\t\t\t<\/div><dev> <div class=\"svt-cd-timeline svt-cd-container\"><\/div> <!-- cd-timeline --> <div style='color: #000; font-family: arial,sans-serif; text-align: right; font-size: 77%;'>powered by <a href=\"http:\/\/www.staniscia.net\/simple-vertical-timeline\/\" target=\"_blank\" >SimpleVerticalTimeline<\/a><\/div><\/dev> \n<div class=\"svt-cd-timeline-block\">\n  <a class=\"svt-cd-timeline-anchor\" name=\"Impresionismo\"><\/a>\n  <div class=\"svt-cd-timeline-img svt-cd-green\">\n    <img decoding=\"async\" src=\"https:\/\/empacho.net\/joelv\/wp-content\/plugins\/simple-vertical-timeline\/img\/cd-icon-location.svg\" alt=\"Picture\">\n  <\/div> <!-- svt-cd-timeline-img -->\n  <div class=\"svt-cd-timeline-content\">\n    <h2 class=\"svt-cd-timeline-content-title\">Impresionismo <span class=\"svt-share\"> <span class=\"lnr lnr-link svt-share-icon\"\/> <span class=\"svt-sharebox\"> <a href=\"#\" onclick=\"window.prompt('Copy this link:', 'https:\/\/empacho.net\/joelv\/?p=740#Impresionismo')\" ><span class=\"svt-icon-external-link\"><\/span><\/a> <\/span><\/span><\/h2>\n    <p class=\"svt-cd-timeline-content-body\"><\/p>\n    <p class=\"svt-cd-timeline-content-btm-more\"> <\/p>\n    <span class=\"svt-cd-date\">1850-1930<\/span>\n  <\/div> <!-- svt-cd-timeline-content -->\n<\/div> <!-- svt-cd-timeline-block -->Intentaban plasmar la luz, la \u201cimpresi\u00f3n\u201d visual de los objetos.&nbsp;Sus elementos son el momento, la luz y la naturaleza.&nbsp;Se desarrolla principalmente en Francia. Uso de colores puros y saturados. Las pinceladas son r\u00e1pidas para captar los diversos momentos de la luz.&nbsp;Es el ojo y el cerebro son los que dan unidad [&hellip;]<\/p>\n","protected":false},"author":1,"featured_media":0,"comment_status":"open","ping_status":"open","sticky":false,"template":"","format":"standard","meta":{"_et_pb_use_builder":"on","_et_pb_old_content":"[svtimeline][svt-event title=\"Impresionismo\" date=\"1850-1930\" class=\"svt-cd-green\" ]Intentaban plasmar la luz, la \u201cimpresi\u00f3n\u201d visual de los objetos.&nbsp;Sus elementos son el momento, la luz y la naturaleza.&nbsp;Se desarrolla principalmente en Francia.\n\n[caption id=\"attachment_2286\" align=\"aligncenter\" width=\"300\"]<a href=\"http:\/\/empacho.net\/joelv\/wp-content\/uploads\/2012\/11\/Claude_Monet_Impression_soleil_levant.jpg\"><img class=\"wp-image-2286 size-medium\" src=\"http:\/\/empacho.net\/joelv\/wp-content\/uploads\/2012\/11\/Claude_Monet_Impression_soleil_levant-300x233.jpg\" alt=\"\" width=\"300\" height=\"233\"><\/a> Claude Monet, Impression: soleil levant, 1872-1873 (Par\u00eds, Museo Marmottan Monet).[\/caption]\n\nUso de colores puros y saturados. Las pinceladas son r\u00e1pidas para captar los diversos momentos de la luz.&nbsp;Es el ojo y el cerebro son los que dan unidad y forma al conjunto de pinceladas. La forma es relegada a segundo plano, se centran en la representaci\u00f3n de la luz y el color.[\/svt-event]\n\n[svt-event title=\"Aparece la fotograf\u00eda\" date=\"1888\" class=\"svt-cd-yellow\" ] George Eastman lanza la c\u00e1mara Kodak. [\/svt-event]\n\n[svt-event title=\"Aparici\u00f3n del cine\" date=\"1895\" class=\"svt-cd-yellow\" ] La primera presentaci\u00f3n de los hermanos Lumiere fue en Par\u00eds, y consisti\u00f3 en una serie de im\u00e1genes documentales. [\/svt-event]\n\n[svt-event title=\"Expresionismo\" date=\"1901-1939\" class=\"svt-cd-green\" ] Sus obras tienen una gran fuerza psicol\u00f3gica y expresiva. Sus principales temas eran la melancol\u00eda, el pesimismo, la soledad y la miseria. Defend\u00edan la libertad individual, la primac\u00eda de la expresi\u00f3n subjetiva, el irracionalismo, el apasionamiento y los temas prohibidos. Pretend\u00edan reflejar en sus obras su mundo interior.\n\n[caption id=\"attachment_2300\" align=\"aligncenter\" width=\"214\"]<a href=\"http:\/\/empacho.net\/joelv\/wp-content\/uploads\/2012\/11\/641px-Ernst_Ludwig_Kirchner_-_Fr\u00e4nzi_in_front_of_a_Carved_Chair.jpg\"><img class=\"wp-image-2300 size-medium\" src=\"http:\/\/empacho.net\/joelv\/wp-content\/uploads\/2012\/11\/641px-Ernst_Ludwig_Kirchner_-_Fr\u00e4nzi_in_front_of_a_Carved_Chair-214x300.jpg\" alt=\"\" width=\"214\" height=\"300\"><\/a> Fr\u00e4nzi ante una silla tallada (1910), de Ernst Ludwig Kirchner, Museo Thyssen-Bornemisza, Madrid.[\/caption]\n\nDistorsiona las formas representadas, para acentuar las expresiones. Utilizaban im\u00e1genes angustiosas y desesperadas. Uso de colores fuertes y puros. Espacios disueltos sin perspectiva. Era com\u00fan el uso de la xilograf\u00eda.[\/svt-event][svt-event title=\"Fovismo\" date=\"1905-1908\" class=\"svt-cd-green\" ] Consideraban actividad art\u00edstica como una consecuencia de un impulso vital. Intentan expresar sentimientos a trav\u00e9s de sus obras. Ten\u00edan una actitud rebelde y transgresora contra la pintura tradicional.\n\n[caption id=\"attachment_2303\" align=\"aligncenter\" width=\"243\"]<a href=\"http:\/\/empacho.net\/joelv\/wp-content\/uploads\/2012\/11\/729px-Landscape_of_Provence_Alfred_Henry_Maurer.jpeg\"><img class=\"wp-image-2303 size-medium\" src=\"http:\/\/empacho.net\/joelv\/wp-content\/uploads\/2012\/11\/729px-Landscape_of_Provence_Alfred_Henry_Maurer-243x300.jpeg\" alt=\"\" width=\"243\" height=\"300\"><\/a> Paisaje: Provinza por Alfred Henry Maurer, c. 1912.1\u200b[\/caption]\n\nUso provocativo y libre del color: colores chillantes y contrastes complementarios. Utilizaci\u00f3n subjetiva del color y las formas. Desinter\u00e9s por los acabados. Emplean toques r\u00e1pidos y vigorosos, trazos toscos y discontinuos.[\/svt-event]\n\n[svt-event title=\"Primera guerra mundial\" date=\"1914-1918\" class=\"svt-cd-yellow\" ] Confrontaci\u00f3n b\u00e9lica entre las potencias &nbsp;industriales y militares de Europa. [\/svt-event]\n\n[svt-event title=\"Relatividad General\" date=\"1915\" class=\"svt-cd-yellow\" ] Einstein publica la teor\u00eda general de la relatividad en el campo gravitatorio&nbsp;y de los sistemas de referencia generales.[\/svt-event]\n\n[svt-event title=\"Dada\u00edsmo\" date=\"1915-1920\" class=\"svt-cd-green\" ] Se posiciona contra del concepto de raz\u00f3n del Positivismo. Plantea olvidar la historia del arte y comenzar de nuevo. Se muestra en contra de las dem\u00e1s vanguardias art\u00edstica. Plantean la imposibilidad de una relaci\u00f3n entre el arte y la sociedad. Se rebelan ante las concepciones burguesas del arte.\n\n[caption id=\"attachment_2312\" align=\"aligncenter\" width=\"230\"]<a href=\"http:\/\/empacho.net\/joelv\/wp-content\/uploads\/2012\/11\/690px-Marcel_Duchamp_1917_Fountain_photograph_by_Alfred_Stieglitz.jpg\"><img class=\"wp-image-2312 size-medium\" src=\"http:\/\/empacho.net\/joelv\/wp-content\/uploads\/2012\/11\/690px-Marcel_Duchamp_1917_Fountain_photograph_by_Alfred_Stieglitz-230x300.jpg\" alt=\"\" width=\"230\" height=\"300\"><\/a> Marcel Duchamp, Fountain, 1917; photograph by Alfred Stieglitz[\/caption]\n\nUtilizan la superposici\u00f3n de planos en sus obras. Integran tipograf\u00edas en sus obras. Hacen uso del collage, el frottage, el fotomontaje y las rayograf\u00edas. Sus obras representan lo absurdo y lo irreal.[\/svt-event][svt-event title=\"Cubismo\" date=\"1907-1919\" class=\"svt-cd-green\" ]Representa una ruptura completa con la pintura tradicional. Abandona la perspectiva renacentista, e intenta representar todas las partes de un objeto en el mismo plano. Intentan pintar las cosas como se sabe que son, no como se las percibe. Dan tanta importancia al discurso escrito como a las obras pl\u00e1sticas.\n\n[caption id=\"attachment_2295\" align=\"aligncenter\" width=\"236\"]<a href=\"http:\/\/empacho.net\/joelv\/wp-content\/uploads\/2012\/11\/Juan_Gris_-_Portrait_of_Pablo_Picasso_-_Google_Art_Project.jpg\"><img class=\"wp-image-2295 size-medium\" src=\"http:\/\/empacho.net\/joelv\/wp-content\/uploads\/2012\/11\/Juan_Gris_-_Portrait_of_Pablo_Picasso_-_Google_Art_Project-236x300.jpg\" alt=\"\" width=\"236\" height=\"300\"><\/a> Pablo Picasso, el iniciador del cubismo, retratado por Juan Gris, 1912, \u00f3leo sobre lienzo, 93,3 x 74,4 cm, Instituto de Arte de Chicago.[\/caption]\n\nUtilizan tonos grises, verdes y marrones.&nbsp;Representan los planos de diferentes vistas del objeto.&nbsp;La composici\u00f3n es fragmentaria. La obra toma autonom\u00eda frente al objeto representado.&nbsp;Hicieron uso del collage.[\/svt-event][svt-event title=\"Futurismo\" date=\"1909-1919\" class=\"svt-cd-green\" ] Rompen con la tradici\u00f3n y los convencionalismos de la historia del arte. Muestran una adoraci\u00f3n a las m\u00e1quinas y el progreso. Intentan retratar la realidad en movimiento. Exaltaci\u00f3n de lo sensual y lo nacional y guerrero. Se desarrolla principalmente en Italia.\n\n[caption id=\"attachment_2298\" align=\"aligncenter\" width=\"300\"]<a href=\"http:\/\/empacho.net\/joelv\/wp-content\/uploads\/2012\/11\/dinamismos-de-un-ciclita-Umberto-Boccioni.jpg\"><img class=\"wp-image-2298 size-medium\" src=\"http:\/\/empacho.net\/joelv\/wp-content\/uploads\/2012\/11\/dinamismos-de-un-ciclita-Umberto-Boccioni-300x217.jpg\" alt=\"\" width=\"300\" height=\"217\"><\/a> Umberto Boccioni, Dinamismo de un ciclista, 1913, Museo Guggenheim de Venecia.[\/caption]\n\nUtilizan planos de corte triangular para representar el movimiento. Predomina la utilizaci\u00f3n de colores puros. Principales colores: Rojo-Azul y Violeta-Amarillo. Representan objetos en movimiento, pintando varias posiciones de ellos simult\u00e1neamente. Utilizan formas geom\u00e9tricas.[\/svt-event][svt-event title=\"Suprematismo\" date=\"1915-1923\" class=\"svt-cd-green\" ] Buscan un mundo de la no-representaci\u00f3n en sus obras. Crean im\u00e1genes densas y s\u00f3lidas, pr\u00e1cticamente inm\u00f3viles. Buscan la abstracci\u00f3n geom\u00e9trica y la expresi\u00f3n suprema del sentimiento.\n\n[caption id=\"attachment_2307\" align=\"aligncenter\" width=\"300\"]<a href=\"http:\/\/empacho.net\/joelv\/wp-content\/uploads\/2012\/11\/Supremus_55_Malevich_1916.jpg\"><img class=\"wp-image-2307 size-medium\" src=\"http:\/\/empacho.net\/joelv\/wp-content\/uploads\/2012\/11\/Supremus_55_Malevich_1916-300x300.jpg\" alt=\"\" width=\"300\" height=\"300\"><\/a> Suprematism (Supremus No. 58), Krasnodar Museum of Art (Mal\u00e9vich, 1916)[\/caption]\n\nUso de formas geom\u00e9tricas b\u00e1sicas (c\u00edrculo, cuadro y tri\u00e1ngulo). Uso de Azules, rojos y verdes para las figuras, y blancos, negros y grises para los fondos.[\/svt-event]\n\n[svt-event title=\"Revoluci\u00f3n rusa\" date=\"1917\" class=\"svt-cd-yellow\" ] [\/svt-event]\n\n[svt-event title=\"Constructivismo\" date=\"1917-1930\" class=\"svt-cd-green\" ] Buscan recuperar el arte para el pueblo en los espacios p\u00fablicos. Expresan el discurso pol\u00edtico bolchevique, principalmente. Tienen una admiraci\u00f3n por las m\u00e1quinas y el progreso tecnol\u00f3gico. Hacen propagando bolchevique a trav\u00e9s de carteles.\n\n[caption id=\"attachment_2308\" align=\"aligncenter\" width=\"224\"]<a href=\"http:\/\/empacho.net\/joelv\/wp-content\/uploads\/2012\/11\/673px-Tatlins_Tower_maket_1919_year.jpg\"><img class=\"wp-image-2308 size-medium\" src=\"http:\/\/empacho.net\/joelv\/wp-content\/uploads\/2012\/11\/673px-Tatlins_Tower_maket_1919_year-224x300.jpg\" alt=\"\" width=\"224\" height=\"300\"><\/a> Maqueta de la Torre Tatlin, 1919[\/caption]\n\nUso de planos para hallar la pureza de las formas. Se recupera el fondo sobre la figura, para denotar el espacio. Uso de colores puros y planos geom\u00e9tricos. Introducci\u00f3n de tipograf\u00edas en sus obras. En la escultura consideran tanto el interior como el exterior.[\/svt-event][svt-event title=\"Surrealismo\" date=\"1920-1938\" class=\"svt-cd-green\" ] Intentaba liberar a la obra art\u00edstica de cualquier regla moral o est\u00e9tica proveniente de la conciencia. Buscan la representaci\u00f3n del mundo interno a trav\u00e9s de la exploraci\u00f3n del subconsciente y el sue\u00f1o.\n\n[caption id=\"attachment_2310\" align=\"aligncenter\" width=\"261\"]<a href=\"http:\/\/empacho.net\/joelv\/wp-content\/uploads\/2012\/11\/The_Elephant_Celebes.jpg\"><img class=\"wp-image-2310 size-medium\" src=\"http:\/\/empacho.net\/joelv\/wp-content\/uploads\/2012\/11\/The_Elephant_Celebes-261x300.jpg\" alt=\"\" width=\"261\" height=\"300\"><\/a> Max Ernst, The Elephant Celebes, 1921, Tate London[\/caption]\n\nPintura metaf\u00edsica: representaci\u00f3n realista de objetos inconexos en un entorno ajeno a ellos. Bioformas: formas blandas que evocan partes animales o humanas. Utilizaban t\u00e9cnicas que dejaban mucho espacio al azar, como el collage, el fumage, el fotomontaje, el dibujo autom\u00e1tico, el frottage, la decalcoman\u00eda, y la rayograf\u00eda.[\/svt-event][svt-event title=\"Expresionismo Abstracto\" date=\"1940-1980\" class=\"svt-cd-green\" ] Intenta apartarse de cualquier tendencia pol\u00edtica. Pintar es un gesto espontaneo que plasma el estado f\u00edsico y ps\u00edquico del pintor. Sus cuadros reflejan la angustia y los conflictos de su \u00e9poca.\n\n[caption id=\"attachment_2348\" align=\"aligncenter\" width=\"184\"]<a href=\"http:\/\/empacho.net\/joelv\/wp-content\/uploads\/2018\/07\/No-5-1948-by-Jackson-Pollock.jpg\"><img class=\"wp-image-2348 size-medium\" src=\"http:\/\/empacho.net\/joelv\/wp-content\/uploads\/2018\/07\/No-5-1948-by-Jackson-Pollock-184x300.jpg\" alt=\"\" width=\"184\" height=\"300\"><\/a> Jackson Pollock, No. 5, 1948, oil on fiberboard, 244 \u00d7 122 cm (96 \u00d7 48 in)[\/caption]\n\nEn sus cuadros no hay jerarqu\u00eda entre las diversas partes de la tela. Uso de pocos colores: blanco, negro, cian, magenta y amarillo. Eliminan la figuraci\u00f3n dentro de las obras. Trazos violentos de color en soportes de gran formato.[\/svt-event][svt-event title=\"Grupo CoBrA\" date=\"1948-1951\" class=\"svt-cd-green\" ] Reaccionan ante la rigidez de la abstracci\u00f3n geom\u00e9trica. Prefieren la espontaneidad y rechazan las teor\u00edas preestablecidas. Trabajan conjuntamente poetas, m\u00fasicos y pintores.\n\n[caption id=\"attachment_2322\" align=\"aligncenter\" width=\"230\"]<a href=\"http:\/\/empacho.net\/joelv\/wp-content\/uploads\/2012\/11\/Saut_dans_l-espace_1953_-_Karel_Appe.jpg\"><img class=\"wp-image-2322 size-medium\" src=\"http:\/\/empacho.net\/joelv\/wp-content\/uploads\/2012\/11\/Saut_dans_l-espace_1953_-_Karel_Appe-230x300.jpg\" alt=\"\" width=\"230\" height=\"300\"><\/a> Saut dans l'espace (1953) - Karel Appel (1921-2006)[\/caption]\n\nBuscan un arte libre y original a trav\u00e9s de formas primitivas e ingenuas, inspiradas en las que hacen los ni\u00f1os o los enfermos mentales. Realizan intervenciones en pinturas ya hechas. Sus obras tienen un gran colorido.[\/svt-event][svt-event title=\"Pop art\" date=\"1950-1980\" class=\"svt-cd-green\" ] Se opone a la cultura elitista de las bellas artes. Se vale de la iron\u00eda y la parodia. Es un en cierta manera una cr\u00edtica al \u201cestilo de vida americano\u201d.\n\n[caption id=\"attachment_2349\" align=\"aligncenter\" width=\"282\"]<a href=\"http:\/\/empacho.net\/joelv\/wp-content\/uploads\/2018\/07\/richard_hamilton-Just_What_Is_It_That_Makes_Today-s_Homes_So_Different_So_Appealing.jpg\"><img class=\"wp-image-2349 size-medium\" src=\"http:\/\/empacho.net\/joelv\/wp-content\/uploads\/2018\/07\/richard_hamilton-Just_What_Is_It_That_Makes_Today-s_Homes_So_Different_So_Appealing-282x300.jpg\" alt=\"\" width=\"282\" height=\"300\"><\/a> Richard Hamilton's collage Just what is it that makes today's homes so different, so appealing? (1956)[\/caption]\n\nUtiliza im\u00e1genes de la cultura popular, y las recontextualiza y redefine, para mostrar el aspecto banal o kitsch del objeto o personaje. Utiliza t\u00e9cnicas de reproducci\u00f3n como la serigraf\u00eda, la fotograf\u00eda y el video. Utiliza colores muy saturados y l\u00edneas bien definidas. Suele incluir elementos tipo \u201ccomic\u201d.[\/svt-event][svt-event title=\"Video Arte\" date=\"1960-1980\" class=\"svt-cd-green\" ] Pretende explorar las aplicaciones alternativas y art\u00edsticas de los medios de comunicaci\u00f3n masiva, como la televisi\u00f3n.\n\n[caption id=\"attachment_2317\" align=\"aligncenter\" width=\"300\"]<a href=\"http:\/\/empacho.net\/joelv\/wp-content\/uploads\/2012\/11\/Joan_Jonas_Vertical_Roll.jpg\"><img class=\"wp-image-2317 size-medium\" src=\"http:\/\/empacho.net\/joelv\/wp-content\/uploads\/2012\/11\/Joan_Jonas_Vertical_Roll-300x222.jpg\" alt=\"\" width=\"300\" height=\"222\"><\/a> A still from Jonas' 1972 video[\/caption]\n\nPuede carecer de actores, di\u00e1logos, narrativa o gui\u00f3n. Intenta crear nuevas narrativas y nuevas formas de visualizar.[\/svt-event][svt-event title=\"Arte Conceptual\" date=\"1960\" class=\"svt-cd-green\" ] El concepto de la obra est\u00e1 sobre el sobre el objeto creado. Consideran que el arte tiene implicaciones \u00e9ticas y sociales.\n\n[caption id=\"attachment_2318\" align=\"aligncenter\" width=\"300\"]<a href=\"http:\/\/empacho.net\/joelv\/wp-content\/uploads\/2012\/11\/1200px-Joseph_Kosuth-_Titled_Art_ad_Idea_as_Idea_The_Word__Definition__1966-68_8476638687.jpg\"><img class=\"wp-image-2318 size-medium\" src=\"http:\/\/empacho.net\/joelv\/wp-content\/uploads\/2012\/11\/1200px-Joseph_Kosuth-_Titled_Art_ad_Idea_as_Idea_The_Word__Definition__1966-68_8476638687-300x225.jpg\" alt=\"\" width=\"300\" height=\"225\"><\/a> Joseph Kosuth, Art as Idea as Idea, 1966-68[\/caption]\n\nReady-made: utilizaci\u00f3n de objetos ya existentes para expresar la idea. Utilizan fotograf\u00edas, mapas y videos. Performance. Instalaciones. Action painting.[\/svt-event][svt-event title=\"Grafitti\" date=\"1970\" class=\"svt-cd-green\" ] Surge en las zonas marginadas de Nueva York. Originalmente forma parte de la cultura Hip-hop. Surge como una expresi\u00f3n individual y de grupo. Ocupa el espacio p\u00fablico La acci\u00f3n misma ya es un mensaje.\n\n[caption id=\"attachment_2319\" align=\"aligncenter\" width=\"179\"]<a href=\"http:\/\/empacho.net\/joelv\/wp-content\/uploads\/2012\/11\/Graffiti_2003_ubt.jpg\"><img class=\"wp-image-2319 size-medium\" src=\"http:\/\/empacho.net\/joelv\/wp-content\/uploads\/2012\/11\/Graffiti_2003_ubt-179x300.jpg\" alt=\"\" width=\"179\" height=\"300\"><\/a> Grafiti en Aalborg (Dinamarca), 2003. Foto: Tomasz Sienicki[\/caption]\n\nUtilizaci\u00f3n de tipograf\u00edas estilizadas. Pintura en aerosol. Utilizan el espacio p\u00fablico como soporte de sus obras. Formas en 2D y 3D. En ocasiones las tipograf\u00edas van acompa\u00f1adas de ilustraciones.[\/svt-event][svt-event title=\"Street Art\" date=\"1990\" class=\"svt-cd-green\" ] Cuestionan el entorno urbano mediante un lenguaje gr\u00e1fico caracter\u00edstico. Desaf\u00edan el concepto de arte al tomar como soporte para sus obras los espacios p\u00fablicos urbanos. Buscan que el p\u00fablico sea consciente del entorno que los rodea. Algunos buscan la cr\u00edtica social mediante im\u00e1genes llenas de s\u00e1tira o iron\u00eda.\n\n[caption id=\"attachment_2320\" align=\"aligncenter\" width=\"227\"]<a href=\"http:\/\/empacho.net\/joelv\/wp-content\/uploads\/2012\/11\/Banksy.bomb_.jpg\"><img class=\"wp-image-2320 size-medium\" src=\"http:\/\/empacho.net\/joelv\/wp-content\/uploads\/2012\/11\/Banksy.bomb_-227x300.jpg\" alt=\"\" width=\"227\" height=\"300\"><\/a> Stencil art by Banksy on Brick Lane, London (2004).[\/caption]\n\nIntervienen los espacios p\u00fablicos mediante esculturas, pinturas de est\u00e9ncil, stickers, posters, e instalaciones. Utilizan s\u00edmbolos e \u00edconos medi\u00e1ticos. Tambi\u00e9n realizan videos sobre sus intervenciones p\u00fablicas.[\/svt-event][\/svtimeline]","_et_gb_content_width":"","footnotes":""},"categories":[1],"tags":[],"class_list":["post-1158","post","type-post","status-publish","format-standard","hentry","category-uncategorized"],"_links":{"self":[{"href":"https:\/\/empacho.net\/joelv\/wp-json\/wp\/v2\/posts\/1158","targetHints":{"allow":["GET"]}}],"collection":[{"href":"https:\/\/empacho.net\/joelv\/wp-json\/wp\/v2\/posts"}],"about":[{"href":"https:\/\/empacho.net\/joelv\/wp-json\/wp\/v2\/types\/post"}],"author":[{"embeddable":true,"href":"https:\/\/empacho.net\/joelv\/wp-json\/wp\/v2\/users\/1"}],"replies":[{"embeddable":true,"href":"https:\/\/empacho.net\/joelv\/wp-json\/wp\/v2\/comments?post=1158"}],"version-history":[{"count":8,"href":"https:\/\/empacho.net\/joelv\/wp-json\/wp\/v2\/posts\/1158\/revisions"}],"predecessor-version":[{"id":2599,"href":"https:\/\/empacho.net\/joelv\/wp-json\/wp\/v2\/posts\/1158\/revisions\/2599"}],"wp:attachment":[{"href":"https:\/\/empacho.net\/joelv\/wp-json\/wp\/v2\/media?parent=1158"}],"wp:term":[{"taxonomy":"category","embeddable":true,"href":"https:\/\/empacho.net\/joelv\/wp-json\/wp\/v2\/categories?post=1158"},{"taxonomy":"post_tag","embeddable":true,"href":"https:\/\/empacho.net\/joelv\/wp-json\/wp\/v2\/tags?post=1158"}],"curies":[{"name":"wp","href":"https:\/\/api.w.org\/{rel}","templated":true}]}}