{"id":1118,"date":"2009-11-16T01:59:10","date_gmt":"2009-11-16T01:59:10","guid":{"rendered":"http:\/\/empacho.net\/joelv\/?p=1118"},"modified":"2019-04-29T11:16:50","modified_gmt":"2019-04-29T11:16:50","slug":"motivos-del-descuido-ambiental","status":"publish","type":"post","link":"https:\/\/empacho.net\/joelv\/motivos-del-descuido-ambiental\/","title":{"rendered":"Motivos del descuido ambiental"},"content":{"rendered":"\n<p class=\"justificado\">Es tema de todos los d\u00edas en los peri\u00f3dicos y noticieros: la degradaci\u00f3n ambiental que d\u00eda a d\u00eda se hace evidente: cambio clim\u00e1tico, extinci\u00f3n de especies, contaminaci\u00f3n del aire, el agua y el suelo, y desigualdad social. Nos es algo que nos alarme al grado de perder el sue\u00f1o, aunque haya a quien s\u00ed, el com\u00fan denominador es una preocupaci\u00f3n mustia: una enmascarada sinverg\u00fcenza que sigue consumiendo \u00bc de libra en McDonalds a la vez que demanda una mejor disposici\u00f3n de la basura, que se jacta de comprar papel reciclado pero no deja ni un solo d\u00eda de usar el auto. Esta <em>doble moral ambiental<\/em> es la que debe ser aclarada para su posterior abandono. Sin embargo, no es tan ambicioso nuestro prop\u00f3sito hoy, solo pretendemos justificar brevemente las razones que hayamos para esta <em>doble moral<\/em>.<\/p>\n\n\n\n<p class=\"justificado\">El problema fundamental es que el medio ambiente suele considerarse como algo que est\u00e1 <em>all\u00e1<\/em>: afuera de nuestros hogares, afuera de nuestras ciudades, algo lejano del \u00e1mbito humano y no como una totalidad envolvente de la cual somos s\u00f3lo una m\u00ednima secci\u00f3n. Esto por diversas razones hist\u00f3ricas y culturales, entre las que destacan el dualismo occidental que separa al hombre de la naturaleza, haciendo de \u00e9ste un ser divino o de raz\u00f3n; y la l\u00f3gica capitalista que insiste en figurarse a la naturaleza como pura materia prima e informe. As\u00ed cuando la naturaleza (nombre que se le ha dado a lo no-humano y no-divino) es reapropiada dentro de estas concepciones se torna un objeto, un objeto de valor, para el capitalismo se vuelve mercanc\u00eda, para el dualismo un objeto ajeno que provoca mera fascinaci\u00f3n. Si bien ambas perspectivas convergen en la idea de conservar la naturaleza, sus intereses \u00faltimos \u2013o primeros \u2013superan por mucho el valor asignado a la naturaleza: la econom\u00eda prima el desarrollo sobre la conservaci\u00f3n ambiental o los procesos sustentables; el dualismo prefiere los objetos humanos frente a los naturales.<\/p>\n\n\n\n<p class=\"justificado\">Como resultado de estas dos perspectivas, que adem\u00e1s buscan ser difundidas en cada rinc\u00f3n de la Tierra, es que se puede dar la <em>doble moral<\/em> ejemplificada al comienzo del texto, ya que aun cuando la naturaleza resulta imprescindible para la vida humana, se halla en una desventaja cualitativa frente a los ideales que persigue el rumbo actual del capitalismo y de la concepci\u00f3n dualista del mundo, la cual predomina como trasfondo sobre el cual se yergue el modo de vida de gran parte de la humanidad. La naturaleza est\u00e1 condenada a este cuidado interesado, lleno de especulaciones mercantiles y de fascinaci\u00f3n taxidermista, mientras no exista un cambio de perspectiva, tanto econ\u00f3mica como ideol\u00f3gica.\n<\/p>\n\n\n\n<p style=\"text-align:right\" class=\"has-small-font-size\">[<em> Taller de Lenguaje y Argumentaci\u00f3n \/ 16 de noviembre de 2009<\/em> ]<\/p>\n","protected":false},"excerpt":{"rendered":"<p>Es tema de todos los d\u00edas en los peri\u00f3dicos y noticieros: la degradaci\u00f3n ambiental que d\u00eda a d\u00eda se hace evidente: cambio clim\u00e1tico, extinci\u00f3n de especies, contaminaci\u00f3n del aire, el agua y el suelo, y desigualdad social.<\/p>\n","protected":false},"author":1,"featured_media":1137,"comment_status":"open","ping_status":"open","sticky":false,"template":"","format":"standard","meta":{"_et_pb_use_builder":"off","_et_pb_old_content":"<!-- wp:paragraph {\"className\":\"justificado\"} -->\n<p class=\"justificado\">Es tema de todos los d\u00edas en los peri\u00f3dicos y noticieros: la degradaci\u00f3n ambiental que d\u00eda a d\u00eda se hace evidente: cambio clim\u00e1tico, extinci\u00f3n de especies, contaminaci\u00f3n del aire, el agua y el suelo, y desigualdad social. Nos es algo que nos alarme al grado de perder el sue\u00f1o, aunque haya a quien s\u00ed, el com\u00fan denominador es una preocupaci\u00f3n mustia: una enmascarada sinverg\u00fcenza que sigue consumiendo \u00bc de libra en McDonalds a la vez que demanda una mejor disposici\u00f3n de la basura, que se jacta de comprar papel reciclado pero no deja ni un solo d\u00eda de usar el auto. Esta <em>doble moral ambiental<\/em> es la que debe ser aclarada para su posterior abandono. Sin embargo, no es tan ambicioso nuestro prop\u00f3sito hoy, solo pretendemos justificar brevemente las razones que hayamos para esta <em>doble moral<\/em>.<\/p>\n<!-- \/wp:paragraph -->\n\n<!-- wp:paragraph {\"className\":\"justificado\"} -->\n<p class=\"justificado\">El problema fundamental es que el medio ambiente suele considerarse como algo que est\u00e1 <em>all\u00e1<\/em>: afuera de nuestros hogares, afuera de nuestras ciudades, algo lejano del \u00e1mbito humano y no como una totalidad envolvente de la cual somos s\u00f3lo una m\u00ednima secci\u00f3n. Esto por diversas razones hist\u00f3ricas y culturales, entre las que destacan el dualismo occidental que separa al hombre de la naturaleza, haciendo de \u00e9ste un ser divino o de raz\u00f3n; y la l\u00f3gica capitalista que insiste en figurarse a la naturaleza como pura materia prima e informe. As\u00ed cuando la naturaleza (nombre que se le ha dado a lo no-humano y no-divino) es reapropiada dentro de estas concepciones se torna un objeto, un objeto de valor, para el capitalismo se vuelve mercanc\u00eda, para el dualismo un objeto ajeno que provoca mera fascinaci\u00f3n. Si bien ambas perspectivas convergen en la idea de conservar la naturaleza, sus intereses \u00faltimos \u2013o primeros \u2013superan por mucho el valor asignado a la naturaleza: la econom\u00eda prima el desarrollo sobre la conservaci\u00f3n ambiental o los procesos sustentables; el dualismo prefiere los objetos humanos frente a los naturales.<\/p>\n<!-- \/wp:paragraph -->\n\n<!-- wp:paragraph {\"className\":\"justificado\"} -->\n<p class=\"justificado\">Como resultado de estas dos perspectivas, que adem\u00e1s buscan ser difundidas en cada rinc\u00f3n de la Tierra, es que se puede dar la <em>doble moral<\/em> ejemplificada al comienzo del texto, ya que aun cuando la naturaleza resulta imprescindible para la vida humana, se halla en una desventaja cualitativa frente a los ideales que persigue el rumbo actual del capitalismo y de la concepci\u00f3n dualista del mundo, la cual predomina como trasfondo sobre el cual se yergue el modo de vida de gran parte de la humanidad. La naturaleza est\u00e1 condenada a este cuidado interesado, lleno de especulaciones mercantiles y de fascinaci\u00f3n taxidermista, mientras no exista un cambio de perspectiva, tanto econ\u00f3mica como ideol\u00f3gica.\n<\/p>\n<!-- \/wp:paragraph -->\n\n<!-- wp:paragraph {\"align\":\"right\"} -->\n<p style=\"text-align:right\">[<em> Taller de Lenguaje y Argumentaci\u00f3n \/ 16 de noviembre de 2009<\/em> ]<\/p>\n<!-- \/wp:paragraph -->","_et_gb_content_width":"","footnotes":""},"categories":[4],"tags":[],"class_list":["post-1118","post","type-post","status-publish","format-standard","has-post-thumbnail","hentry","category-blog"],"_links":{"self":[{"href":"https:\/\/empacho.net\/joelv\/wp-json\/wp\/v2\/posts\/1118","targetHints":{"allow":["GET"]}}],"collection":[{"href":"https:\/\/empacho.net\/joelv\/wp-json\/wp\/v2\/posts"}],"about":[{"href":"https:\/\/empacho.net\/joelv\/wp-json\/wp\/v2\/types\/post"}],"author":[{"embeddable":true,"href":"https:\/\/empacho.net\/joelv\/wp-json\/wp\/v2\/users\/1"}],"replies":[{"embeddable":true,"href":"https:\/\/empacho.net\/joelv\/wp-json\/wp\/v2\/comments?post=1118"}],"version-history":[{"count":7,"href":"https:\/\/empacho.net\/joelv\/wp-json\/wp\/v2\/posts\/1118\/revisions"}],"predecessor-version":[{"id":2447,"href":"https:\/\/empacho.net\/joelv\/wp-json\/wp\/v2\/posts\/1118\/revisions\/2447"}],"wp:featuredmedia":[{"embeddable":true,"href":"https:\/\/empacho.net\/joelv\/wp-json\/wp\/v2\/media\/1137"}],"wp:attachment":[{"href":"https:\/\/empacho.net\/joelv\/wp-json\/wp\/v2\/media?parent=1118"}],"wp:term":[{"taxonomy":"category","embeddable":true,"href":"https:\/\/empacho.net\/joelv\/wp-json\/wp\/v2\/categories?post=1118"},{"taxonomy":"post_tag","embeddable":true,"href":"https:\/\/empacho.net\/joelv\/wp-json\/wp\/v2\/tags?post=1118"}],"curies":[{"name":"wp","href":"https:\/\/api.w.org\/{rel}","templated":true}]}}